{"id":12089,"date":"2026-01-26T23:59:21","date_gmt":"2026-01-26T23:59:21","guid":{"rendered":"https:\/\/www.elregional.cl\/?p=12089"},"modified":"2026-01-26T23:59:21","modified_gmt":"2026-01-26T23:59:21","slug":"ciudadanos-rusos-que-fueron-captados-con-motos-de-agua-en-el-rio-futaleufu-seran-expulsados-de-chile","status":"publish","type":"post","link":"https:\/\/www.elregional.cl\/?p=12089","title":{"rendered":"Ciudadanos rusos que fueron captados con motos de agua en el r\u00edo Futaleuf\u00fa ser\u00e1n expulsados de Chile"},"content":{"rendered":"<div class=\"div_titulo\">\n<h1 id=\"ucDetalle_TituloNoticia\"><\/h1>\n<\/div>\n<div class=\"div_h2\">\n<h5 id=\"ucDetalle_BajadaNoticia\">Por su parte, los representantes de la empresa tur\u00edstica que ofrec\u00eda paseos en veh\u00edculos motorizados fueron citados a declarar el pr\u00f3ximo 4 de febrero.<\/h5>\n<\/div>\n<div class=\"contenedor_social_emol\"><\/div>\n<div id=\"ucDetalle_CuerpoNoticia\" class=\"cuerpo_noticia cuerpo_noti_height_full\">\n<div>La Subsecretar\u00eda de Turismo inform\u00f3 este lunes que<b>\u00a0inici\u00f3 un proceso de expulsi\u00f3n para los ciudadanos rusos que fueron sorprendidos a bordo de unas motos de agua sobre el r\u00edo Futaleuf\u00fa.<\/b><\/div>\n<div><\/div>\n<div>\u00abHemos avanzado para asegurar que estos turistas puedan salir del pa\u00eds.\u00a0<b>Van a ser canceladas con su visa de turista y eso da cuenta de c\u00f3mo cuando queremos que avance la ley en lo que corresponde avanza con todas las instituciones que deben hacerlo<\/b>\u00ab, dijo la subsecretaria Ver\u00f3nica Pardo.<\/div>\n<div><\/div>\n<div>\n<div id=\"contRelacionada_1189569\">\n<div class=\"flo_left cont_items_detalle_50\">\n<div class=\"flo_left bor_cont_img_mas_vistas cont_sec_emol sec_mas_vistas_emol cont_noti_rel_single\">\n<div class=\"cont_tit_sec_emol bg_tit_sec bor_tit_sec\"><\/div>\n<\/div>\n<\/div>\n<\/div>\n<p>Seg\u00fan informaci\u00f3n entregada por la subsecretar\u00eda,\u00a0<b>esta jornada se inici\u00f3 el proceso de expulsi\u00f3n para los ciudadanos rusos. Se calcula que ma\u00f1ana martes ser\u00e1n notificados de dicha resoluci\u00f3n.<\/b><\/div>\n<div><\/div>\n<div><b>A contar de ese d\u00eda, tienen 5 d\u00edas de plazo para salir del pa\u00eds, de lo contrario, ser\u00e1 la PDI la encargada de hacer efectiva la expulsi\u00f3n. Eso s\u00ed, los extranjeros pueden presentar un recurso contra la medida.<\/b><\/div>\n<div><\/div>\n<div>En el marco de la investigaci\u00f3n iniciada para dar con los responsable de este hecho, Carabineros identific\u00f3 una empresa rusa que ofrece tours en motos de aguas en zonas protegidas de Chilo\u00e9, Futaleuf\u00fa y el Parque Nacional Laguna San Rafel.<\/div>\n<div><\/div>\n<div>\u00abFrente a estos hechos, Sernatur Ays\u00e9n ha resuelto presentar una denuncia de oficio el lunes 26 de enero ante el Juzgado de Polic\u00eda Local de Puerto Ays\u00e9n, tribunal competente en raz\u00f3n de la jurisdicci\u00f3n de la Laguna San Rafael, ubicada en la comuna de Ays\u00e9n y bajo la capitan\u00eda de puerto de Ays\u00e9n\u00bb, se\u00f1al\u00f3 la Subsecretar\u00eda de Turismo.<\/div>\n<div><\/div>\n<div>Y agreg\u00f3: \u00abE<b>n el marco de esta situaci\u00f3n, se han identificado dos prestadores asociados a la oferta de estos servicios, SLEDEXT y AQUABIKEMAN, respecto de los cuales se investiga si corresponden o no a una misma entidad\u00bb.<\/b><\/div>\n<div><\/div>\n<div>En esa l\u00ednea, ninguno de dichos prestadores cuentan con el registro exigido por la normativa vigente, ni tampoco cumplen con los requisitos establecidos para la prestaci\u00f3n de servicios de turismo aventura.<\/div>\n<div><\/div>\n<div><b>Los implicados en este hecho fueron citados a declarar el pr\u00f3ximo 4 de febrero.<\/b><\/div>\n<div><\/div>\n<div>Por \u00faltimo, la Subsecretar\u00eda de Turismo advierte que no estar registrado en el Registro Nacional de Prestadores de Servicios Tur\u00edsticos puede ser sancionado con multas de 5 a 10 UTM, en caso de prestadores de servicios y de 5 a 20 UTM para servicios de turismo aventura.<\/div>\n<div><\/div>\n<div>Asimismo, si no se cumplen con los est\u00e1ndares de seguridad, se puede sancionar con una multa de 25 a 35 UTM (2.450.000 pesos aproximadamente).<\/div>\n<\/div>\n","protected":false},"excerpt":{"rendered":"<p>Por su parte, los representantes de la empresa tur\u00edstica que ofrec\u00eda paseos en veh\u00edculos motorizados fueron citados a declarar el pr\u00f3ximo 4 de febrero. La Subsecretar\u00eda de Turismo inform\u00f3 este lunes que\u00a0inici\u00f3 un proceso de expulsi\u00f3n para los ciudadanos rusos que fueron sorprendidos a bordo de unas motos de agua sobre el r\u00edo Futaleuf\u00fa. \u00abHemos &hellip;<\/p>\n","protected":false},"author":2,"featured_media":12090,"comment_status":"closed","ping_status":"closed","sticky":false,"template":"","format":"standard","meta":{"footnotes":""},"categories":[4],"tags":[],"class_list":["post-12089","post","type-post","status-publish","format-standard","has-post-thumbnail","hentry","category-mundo"],"_links":{"self":[{"href":"https:\/\/www.elregional.cl\/index.php?rest_route=\/wp\/v2\/posts\/12089","targetHints":{"allow":["GET"]}}],"collection":[{"href":"https:\/\/www.elregional.cl\/index.php?rest_route=\/wp\/v2\/posts"}],"about":[{"href":"https:\/\/www.elregional.cl\/index.php?rest_route=\/wp\/v2\/types\/post"}],"author":[{"embeddable":true,"href":"https:\/\/www.elregional.cl\/index.php?rest_route=\/wp\/v2\/users\/2"}],"replies":[{"embeddable":true,"href":"https:\/\/www.elregional.cl\/index.php?rest_route=%2Fwp%2Fv2%2Fcomments&post=12089"}],"version-history":[{"count":1,"href":"https:\/\/www.elregional.cl\/index.php?rest_route=\/wp\/v2\/posts\/12089\/revisions"}],"predecessor-version":[{"id":12091,"href":"https:\/\/www.elregional.cl\/index.php?rest_route=\/wp\/v2\/posts\/12089\/revisions\/12091"}],"wp:featuredmedia":[{"embeddable":true,"href":"https:\/\/www.elregional.cl\/index.php?rest_route=\/wp\/v2\/media\/12090"}],"wp:attachment":[{"href":"https:\/\/www.elregional.cl\/index.php?rest_route=%2Fwp%2Fv2%2Fmedia&parent=12089"}],"wp:term":[{"taxonomy":"category","embeddable":true,"href":"https:\/\/www.elregional.cl\/index.php?rest_route=%2Fwp%2Fv2%2Fcategories&post=12089"},{"taxonomy":"post_tag","embeddable":true,"href":"https:\/\/www.elregional.cl\/index.php?rest_route=%2Fwp%2Fv2%2Ftags&post=12089"}],"curies":[{"name":"wp","href":"https:\/\/api.w.org\/{rel}","templated":true}]}}