{"id":12130,"date":"2026-01-27T03:45:04","date_gmt":"2026-01-27T03:45:04","guid":{"rendered":"https:\/\/www.elregional.cl\/?p=12130"},"modified":"2026-01-27T03:45:04","modified_gmt":"2026-01-27T03:45:04","slug":"plaga-de-conejos-amenaza-inversiones-agricolas-en-valle-del-choapa","status":"publish","type":"post","link":"https:\/\/www.elregional.cl\/?p=12130","title":{"rendered":"Plaga de conejos amenaza inversiones agr\u00edcolas en Valle del Choapa"},"content":{"rendered":"<div class=\"et_pb_module et_pb_post_title et_pb_post_title_0_tb_body et_pb_bg_layout_light  et_pb_text_align_left\">\n<div class=\"et_pb_title_container\">\n<h1 class=\"entry-title\"><\/h1>\n<\/div>\n<\/div>\n<div class=\"et_pb_module et_pb_text et_pb_text_1_tb_body  et_pb_text_align_left et_pb_bg_layout_light\">\n<div class=\"et_pb_text_inner\">Productores y dirigentes advierten que la proliferaci\u00f3n descontrolada de estos animales est\u00e1 provocando graves da\u00f1os en vides antiguas y nuevas plantaciones, afectando no solo la producci\u00f3n de la temporada, sino tambi\u00e9n la infraestructura agr\u00edcola en un contexto marcado por la sequ\u00eda<\/div>\n<div><\/div>\n<\/div>\n<div class=\"et_pb_module et_pb_post_content et_pb_post_content_0_tb_body\">\n<p>Una creciente preocupaci\u00f3n se vive entre los agricultores del valle del Choapa, desde Illapel hasta el sector de Cuncum\u00e9n, debido a la fuerte presencia de una plaga de conejos que est\u00e1 afectando de manera significativa distintos tipos de cultivos, en especial, las parras pisqueras. La situaci\u00f3n, que se ha intensificado durante la presente temporada agr\u00edcola, ya estar\u00eda provocando p\u00e9rdidas productivas y da\u00f1os estructurales que ponen en riesgo inversiones de largo plazo.<\/p>\n<p>Desde la Junta de Vigilancia del R\u00edo Choapa han levantado la alerta, se\u00f1alando que el impacto de esta plaga ha ido m\u00e1s all\u00e1 de lo habitual. Diego Alfaro, profesional vinculado a la organizaci\u00f3n, explic\u00f3 que el fen\u00f3meno ha alcanzado una fase descontrolada. \u201c<em>Hay una plaga de conejos que est\u00e1 generando harto da\u00f1o en la zona y la autoridad tambi\u00e9n tiene que colaborar con la gesti\u00f3n del control. Lo estamos evidenciando en terreno, en una fase descontrolada, capaz de arrasar hect\u00e1reas completas de cultivos e incluso da\u00f1ar los troncos de las parras<\/em>\u201d, indic\u00f3.<\/p>\n<p>Alfaro agreg\u00f3 que, si bien hist\u00f3ricamente el conejo ha sido asociado al da\u00f1o en hortalizas y brotes tiernos, hoy el escenario es distinto. \u201c<em>Llama la atenci\u00f3n que ahora est\u00e9 afectando troncos de plantas nuevas de parras. Eso demuestra que, al estar descontrolada, la plaga se multiplica de manera exponencial, no lineal, y ya est\u00e1 teniendo efectos reales en los cultivos de los agricultores<\/em>\u201d, sostuvo.<\/p>\n<p>En ese contexto, el profesional subray\u00f3 que la crisis h\u00eddrica que arrastra la zona se ve agravada por este problema. \u201c<em>La sequ\u00eda ya es un golpe importante, pero esto viene a sumar una dificultad m\u00e1s. Son temas que deben trabajarse con las instituciones, porque un control inapropiado tambi\u00e9n podr\u00eda generar otros inconvenientes. Reci\u00e9n estamos iniciando conversaciones y evidenciando los efectos, pero es una tarea que se tiene que abordar con trabajo en terreno<\/em>\u201d, se\u00f1al\u00f3.<\/p>\n<p>Una visi\u00f3n similar comparte Ricardo Cort\u00e9s N\u00fa\u00f1ez, presidente de la Junta de Vigilancia del R\u00edo Choapa y sus afluentes, quien adem\u00e1s es productor agr\u00edcola. Seg\u00fan relat\u00f3, el aumento de la plaga ha sido evidente en los \u00faltimos meses. \u201cDurante esta temporada agr\u00edcola hay una plaga de conejos alt\u00edsima, que ha tra\u00eddo una afectaci\u00f3n importante al desarrollo vegetativo de varios cultivos. En mi caso, el da\u00f1o ha sido directo en el tronco de la parra pisquera, algo que antes no se ve\u00eda\u201d, afirm\u00f3.<\/p>\n<p>Cort\u00e9s explic\u00f3 que actualmente los conejos est\u00e1n da\u00f1ando plantas ya lignificadas, provocando incluso la muerte de las parras. \u201c<em>Ya no es solo un da\u00f1o productivo, sino un da\u00f1o a la inversi\u00f3n. Se est\u00e1n matando plantas, lo que significa perder producci\u00f3n de la temporada y a\u00f1os de trabajo. Este es un comentario recurrente entre los productores del valle<\/em>\u201d, enfatiz\u00f3.<\/p>\n<p>Madero.cl<\/p>\n<\/div>\n","protected":false},"excerpt":{"rendered":"<p>Productores y dirigentes advierten que la proliferaci\u00f3n descontrolada de estos animales est\u00e1 provocando graves da\u00f1os en vides antiguas y nuevas plantaciones, afectando no solo la producci\u00f3n de la temporada, sino tambi\u00e9n la infraestructura agr\u00edcola en un contexto marcado por la sequ\u00eda Una creciente preocupaci\u00f3n se vive entre los agricultores del valle del Choapa, desde Illapel &hellip;<\/p>\n","protected":false},"author":2,"featured_media":12131,"comment_status":"closed","ping_status":"closed","sticky":false,"template":"","format":"standard","meta":{"footnotes":""},"categories":[2],"tags":[],"class_list":["post-12130","post","type-post","status-publish","format-standard","has-post-thumbnail","hentry","category-regionales"],"_links":{"self":[{"href":"https:\/\/www.elregional.cl\/index.php?rest_route=\/wp\/v2\/posts\/12130","targetHints":{"allow":["GET"]}}],"collection":[{"href":"https:\/\/www.elregional.cl\/index.php?rest_route=\/wp\/v2\/posts"}],"about":[{"href":"https:\/\/www.elregional.cl\/index.php?rest_route=\/wp\/v2\/types\/post"}],"author":[{"embeddable":true,"href":"https:\/\/www.elregional.cl\/index.php?rest_route=\/wp\/v2\/users\/2"}],"replies":[{"embeddable":true,"href":"https:\/\/www.elregional.cl\/index.php?rest_route=%2Fwp%2Fv2%2Fcomments&post=12130"}],"version-history":[{"count":1,"href":"https:\/\/www.elregional.cl\/index.php?rest_route=\/wp\/v2\/posts\/12130\/revisions"}],"predecessor-version":[{"id":12132,"href":"https:\/\/www.elregional.cl\/index.php?rest_route=\/wp\/v2\/posts\/12130\/revisions\/12132"}],"wp:featuredmedia":[{"embeddable":true,"href":"https:\/\/www.elregional.cl\/index.php?rest_route=\/wp\/v2\/media\/12131"}],"wp:attachment":[{"href":"https:\/\/www.elregional.cl\/index.php?rest_route=%2Fwp%2Fv2%2Fmedia&parent=12130"}],"wp:term":[{"taxonomy":"category","embeddable":true,"href":"https:\/\/www.elregional.cl\/index.php?rest_route=%2Fwp%2Fv2%2Fcategories&post=12130"},{"taxonomy":"post_tag","embeddable":true,"href":"https:\/\/www.elregional.cl\/index.php?rest_route=%2Fwp%2Fv2%2Ftags&post=12130"}],"curies":[{"name":"wp","href":"https:\/\/api.w.org\/{rel}","templated":true}]}}