{"id":12182,"date":"2026-01-29T22:52:00","date_gmt":"2026-01-29T22:52:00","guid":{"rendered":"https:\/\/www.elregional.cl\/?p=12182"},"modified":"2026-01-29T22:52:00","modified_gmt":"2026-01-29T22:52:00","slug":"control-carretero-en-los-vilos-frustra-envio-de-droga-rumbo-a-la-zona-central","status":"publish","type":"post","link":"https:\/\/www.elregional.cl\/?p=12182","title":{"rendered":"Control carretero en Los Vilos frustra env\u00edo de droga rumbo a la zona central"},"content":{"rendered":"<div class=\"td-post-header\">\n<header class=\"td-post-title\">\n<div class=\"td-module-meta-info\"><\/div>\n<\/header>\n<\/div>\n<div class=\"td-post-content\">\n<p><em><strong>DavidNoticias.cl<\/strong><\/em><\/p>\n<p><em><strong>Un nuevo golpe al tr\u00e1fico de drogas logr\u00f3 concretar el OS7 de Carabineros Limar\u00ed tras un operativo de fiscalizaci\u00f3n realizado en la Ruta 5 Norte, a la altura de Los Vilos, donde se incautaron casi 13 kilos de marihuana procesada que eran transportados en un bus interprovincial con destino a la zona central del pa\u00eds.<\/strong><\/em><\/p>\n<p>El procedimiento se desarroll\u00f3 durante la jornada de este jueves, cuando personal especializado efectuaba controles aleatorios a veh\u00edculos de transporte de pasajeros. Fue en ese contexto que entr\u00f3 en acci\u00f3n Kairo, un perro detector de drogas de raza pastor belga malinois, quien en solo segundos alert\u00f3 a los funcionarios sobre la posible presencia de sustancias il\u00edcitas al interior del bus, que proven\u00eda desde Copiap\u00f3 con destino a Valpara\u00edso.<\/p>\n<p>Tras la se\u00f1al del can, los carabineros revisaron el equipaje de los pasajeros, detectando una maleta que conten\u00eda cerca de trece kilos de marihuana, dosificada y lista para su comercializaci\u00f3n. Como resultado del hallazgo, se procedi\u00f3 a la detenci\u00f3n de un ciudadano de nacionalidad boliviana, quien viajaba como pasajero y ser\u00eda el responsable del transporte de la droga.<\/p>\n<p>El subteniente Sebasti\u00e1n Riedel, de la Zona de Carabineros Coquimbo, destac\u00f3 la efectividad de este tipo de operativos, se\u00f1alando que \u201cla combinaci\u00f3n del trabajo investigativo en terreno con las fiscalizaciones carreteras permite obtener resultados concretos en el combate al tr\u00e1fico de drogas. En esta ocasi\u00f3n, la experiencia del OS7, junto al olfato y la astucia de Kairo, evit\u00f3 que una importante cantidad de droga llegara a la zona centro del pa\u00eds para su venta\u201d.<\/p>\n<p>Desde Carabineros recalcaron que estos controles continuar\u00e1n desarroll\u00e1ndose en puntos estrat\u00e9gicos de la regi\u00f3n, como parte de una estrategia permanente para interrumpir las rutas del narcotr\u00e1fico y fortalecer la seguridad en las carreteras.<\/p>\n<\/div>\n","protected":false},"excerpt":{"rendered":"<p>DavidNoticias.cl Un nuevo golpe al tr\u00e1fico de drogas logr\u00f3 concretar el OS7 de Carabineros Limar\u00ed tras un operativo de fiscalizaci\u00f3n realizado en la Ruta 5 Norte, a la altura de Los Vilos, donde se incautaron casi 13 kilos de marihuana procesada que eran transportados en un bus interprovincial con destino a la zona central del &hellip;<\/p>\n","protected":false},"author":2,"featured_media":12183,"comment_status":"closed","ping_status":"closed","sticky":false,"template":"","format":"standard","meta":{"footnotes":""},"categories":[2],"tags":[],"class_list":["post-12182","post","type-post","status-publish","format-standard","has-post-thumbnail","hentry","category-regionales"],"_links":{"self":[{"href":"https:\/\/www.elregional.cl\/index.php?rest_route=\/wp\/v2\/posts\/12182","targetHints":{"allow":["GET"]}}],"collection":[{"href":"https:\/\/www.elregional.cl\/index.php?rest_route=\/wp\/v2\/posts"}],"about":[{"href":"https:\/\/www.elregional.cl\/index.php?rest_route=\/wp\/v2\/types\/post"}],"author":[{"embeddable":true,"href":"https:\/\/www.elregional.cl\/index.php?rest_route=\/wp\/v2\/users\/2"}],"replies":[{"embeddable":true,"href":"https:\/\/www.elregional.cl\/index.php?rest_route=%2Fwp%2Fv2%2Fcomments&post=12182"}],"version-history":[{"count":1,"href":"https:\/\/www.elregional.cl\/index.php?rest_route=\/wp\/v2\/posts\/12182\/revisions"}],"predecessor-version":[{"id":12184,"href":"https:\/\/www.elregional.cl\/index.php?rest_route=\/wp\/v2\/posts\/12182\/revisions\/12184"}],"wp:featuredmedia":[{"embeddable":true,"href":"https:\/\/www.elregional.cl\/index.php?rest_route=\/wp\/v2\/media\/12183"}],"wp:attachment":[{"href":"https:\/\/www.elregional.cl\/index.php?rest_route=%2Fwp%2Fv2%2Fmedia&parent=12182"}],"wp:term":[{"taxonomy":"category","embeddable":true,"href":"https:\/\/www.elregional.cl\/index.php?rest_route=%2Fwp%2Fv2%2Fcategories&post=12182"},{"taxonomy":"post_tag","embeddable":true,"href":"https:\/\/www.elregional.cl\/index.php?rest_route=%2Fwp%2Fv2%2Ftags&post=12182"}],"curies":[{"name":"wp","href":"https:\/\/api.w.org\/{rel}","templated":true}]}}