{"id":12343,"date":"2026-02-04T21:07:27","date_gmt":"2026-02-04T21:07:27","guid":{"rendered":"https:\/\/www.elregional.cl\/?p=12343"},"modified":"2026-02-04T21:07:27","modified_gmt":"2026-02-04T21:07:27","slug":"delegacion-presidencial-no-autoriza-partido-entre-huachipato-y-u-de-chile","status":"publish","type":"post","link":"https:\/\/www.elregional.cl\/?p=12343","title":{"rendered":"Delegaci\u00f3n Presidencial no autoriza partido entre Huachipato y U. de Chile"},"content":{"rendered":"<header class=\"main-article__header | all:margin-block-end-24\">\n<div class=\"main-article__socials main-article-socials | all:margin-block-start-4\"><\/div>\n<\/header>\n<div class=\"main-article__body main-layout\">\n<section class=\"main-article__content main-layout__item\">\n<div class=\"main-article__media main-article-media | u-mobile-negative-margin\">\n<footer class=\"main-article-media__footer | all:margin-block-start-12\"><\/footer>\n<\/div>\n<div class=\"main-article__text main-article-text | js-content-post | all:margin-block-start-20 all:margin-block-end-24\">\n<p>Siguen los problemas en el\u00a0<strong>Campeonato Nacional l<\/strong>uego de que la Delegaci\u00f3n Presidencial anunciara la no autorizaci\u00f3n del partido entre\u00a0<strong>Universidad de Chile y Huachipato.<\/strong><\/p>\n<p>Informaci\u00f3n preliminar apunta a que el encuentro no habr\u00eda sido autorizado debido al<strong>\u00a0estado de cat\u00e1strofe<\/strong>\u00a0que actualmente rige en la regi\u00f3n del Biob\u00edo.<\/p>\n<p>El encuentro estaba pactado para disputarse este domingo 8 de febrero a las 12:00 horas, sin embargo, todo queda en suspenso<strong>\u00a0a falta de una resoluci\u00f3n por parte de las autoridades y la ANFP.<\/strong><\/p>\n<p>Huachipato viene de perder por la cuenta m\u00ednima en su visita a Cobresal y, ante este nuevo traspi\u00e9, el debut como local este a\u00f1o podr\u00eda postergarse.<\/p>\n<p>Por su parte, el cuadro azul tuvo un amargo estreno en el Campeonato Nacional, empatando por la m\u00ednima ante Audax Italiano,\u00a0<strong>en un encuentro empa\u00f1ado por los violentos incidentes en el Estadio Nacional.<\/strong><\/p>\n<\/div>\n<\/section>\n<\/div>\n","protected":false},"excerpt":{"rendered":"<p>Siguen los problemas en el\u00a0Campeonato Nacional luego de que la Delegaci\u00f3n Presidencial anunciara la no autorizaci\u00f3n del partido entre\u00a0Universidad de Chile y Huachipato. Informaci\u00f3n preliminar apunta a que el encuentro no habr\u00eda sido autorizado debido al\u00a0estado de cat\u00e1strofe\u00a0que actualmente rige en la regi\u00f3n del Biob\u00edo. El encuentro estaba pactado para disputarse este domingo 8 de &hellip;<\/p>\n","protected":false},"author":2,"featured_media":12344,"comment_status":"closed","ping_status":"closed","sticky":false,"template":"","format":"standard","meta":{"footnotes":""},"categories":[5],"tags":[],"class_list":["post-12343","post","type-post","status-publish","format-standard","has-post-thumbnail","hentry","category-deportes"],"_links":{"self":[{"href":"https:\/\/www.elregional.cl\/index.php?rest_route=\/wp\/v2\/posts\/12343","targetHints":{"allow":["GET"]}}],"collection":[{"href":"https:\/\/www.elregional.cl\/index.php?rest_route=\/wp\/v2\/posts"}],"about":[{"href":"https:\/\/www.elregional.cl\/index.php?rest_route=\/wp\/v2\/types\/post"}],"author":[{"embeddable":true,"href":"https:\/\/www.elregional.cl\/index.php?rest_route=\/wp\/v2\/users\/2"}],"replies":[{"embeddable":true,"href":"https:\/\/www.elregional.cl\/index.php?rest_route=%2Fwp%2Fv2%2Fcomments&post=12343"}],"version-history":[{"count":1,"href":"https:\/\/www.elregional.cl\/index.php?rest_route=\/wp\/v2\/posts\/12343\/revisions"}],"predecessor-version":[{"id":12345,"href":"https:\/\/www.elregional.cl\/index.php?rest_route=\/wp\/v2\/posts\/12343\/revisions\/12345"}],"wp:featuredmedia":[{"embeddable":true,"href":"https:\/\/www.elregional.cl\/index.php?rest_route=\/wp\/v2\/media\/12344"}],"wp:attachment":[{"href":"https:\/\/www.elregional.cl\/index.php?rest_route=%2Fwp%2Fv2%2Fmedia&parent=12343"}],"wp:term":[{"taxonomy":"category","embeddable":true,"href":"https:\/\/www.elregional.cl\/index.php?rest_route=%2Fwp%2Fv2%2Fcategories&post=12343"},{"taxonomy":"post_tag","embeddable":true,"href":"https:\/\/www.elregional.cl\/index.php?rest_route=%2Fwp%2Fv2%2Ftags&post=12343"}],"curies":[{"name":"wp","href":"https:\/\/api.w.org\/{rel}","templated":true}]}}