{"id":12409,"date":"2026-02-11T06:29:40","date_gmt":"2026-02-11T06:29:40","guid":{"rendered":"https:\/\/www.elregional.cl\/?p=12409"},"modified":"2026-02-11T06:29:40","modified_gmt":"2026-02-11T06:29:40","slug":"turismo-regional-anticipa-alto-flujo-de-visitantes-en-febrero-y-consolida-a-coquimbo-como-destino-seguro","status":"publish","type":"post","link":"https:\/\/www.elregional.cl\/?p=12409","title":{"rendered":"Turismo regional anticipa alto flujo de visitantes en febrero y consolida a Coquimbo como destino seguro"},"content":{"rendered":"<div class=\"td-post-header\">\n<header class=\"td-post-title\">\n<div class=\"td-module-meta-info\"><\/div>\n<\/header>\n<\/div>\n<div class=\"td-post-content\">\n<div class=\"td-post-sharing td-post-sharing-top\">\n<div class=\"td-default-sharing\"><i class=\"td-icon-facebook\"><\/i>\u00a0<i class=\"td-icon-twitter\"><\/i>\u00a0<i class=\"td-icon-googleplus\"><\/i>\u00a0<i class=\"td-icon-pinterest\"><\/i>\u00a0<i class=\"td-icon-whatsapp\"><\/i><\/div>\n<\/div>\n<p data-start=\"271\" data-end=\"702\"><em><strong>Con buenas expectativas para el sector tur\u00edstico, la Regi\u00f3n de Coquimbo se prepara para enfrentar un mes de febrero con altos niveles de ocupaci\u00f3n, impulsado principalmente por el turismo nacional y una intensa estrategia de promoci\u00f3n desarrollada a nivel pa\u00eds. Desde el Gobierno destacaron que este escenario no solo fortalece la imagen regional, sino que tambi\u00e9n aporta directamente a la reactivaci\u00f3n econ\u00f3mica y al empleo local.<\/strong><\/em><\/p>\n<p data-start=\"704\" data-end=\"1163\">Seg\u00fan cifras entregadas por el Servicio Nacional de Turismo (Sernatur), durante enero la conurbaci\u00f3n La Serena\u2013Coquimbo se mantuvo entre los tres destinos m\u00e1s demandados del norte de Chile, consolidando su preferencia entre los visitantes. Este comportamiento permiti\u00f3 proyectar un positivo desempe\u00f1o del turismo durante febrero, percepci\u00f3n que ya se refleja en el aumento de visitantes, el movimiento en las calles y la alta demanda por servicios tur\u00edsticos.<\/p>\n<p data-start=\"1165\" data-end=\"1415\">La directora regional de Sernatur, Ang\u00e9lica Funes, explic\u00f3 que entre el 9 y el 22 de febrero se esperan las semanas de mayor intensidad para el rubro, especialmente en el sector hotelero del borde costero y en los principales balnearios de la regi\u00f3n.<\/p>\n<p data-start=\"1417\" data-end=\"1722\">En cuanto a las cifras de reservas, el \u00faltimo sondeo realizado por Sernatur Regi\u00f3n de Coquimbo indica que el borde costero de La Serena y Coquimbo alcanza actualmente un 80% de ocupaci\u00f3n, mientras que el Valle de Elqui registra un 68%, porcentajes que podr\u00edan seguir aumentando a medida que avance el mes.<\/p>\n<p data-start=\"1724\" data-end=\"2179\">Desde el Gobierno, el delegado presidencial regional (s), Eduardo Alcayaga, recalc\u00f3 que el turismo es una de las principales herramientas para dinamizar la econom\u00eda regional. En ese sentido, afirm\u00f3 que el trabajo institucional apunta a fortalecer la imagen de la Regi\u00f3n de Coquimbo como un destino seguro, familiar y atractivo, con una variada oferta que incluye playas y balnearios, valles interiores, astroturismo y experiencias de intereses especiales.<\/p>\n<p data-start=\"2181\" data-end=\"2718\">Como parte de este esfuerzo, Sernatur ejecuta desde fines de noviembre una robusta campa\u00f1a de promoci\u00f3n tur\u00edstica financiada por el Gobierno Regional. La iniciativa contempla difusi\u00f3n en radios de alcance nacional con foco en la Regi\u00f3n Metropolitana, acciones en redes sociales y pr\u00f3ximamente presencia publicitaria en los aeropuertos de Santiago y Concepci\u00f3n. Todo bajo el lema\u00a0<strong data-start=\"2560\" data-end=\"2613\">\u201cRegi\u00f3n de Coquimbo, lo que buscas lo encuentras\u201d<\/strong>, reforzando el posicionamiento del territorio como un destino diverso y competitivo durante todo el a\u00f1o.<\/p>\n<\/div>\n","protected":false},"excerpt":{"rendered":"<p>\u00a0\u00a0\u00a0\u00a0 Con buenas expectativas para el sector tur\u00edstico, la Regi\u00f3n de Coquimbo se prepara para enfrentar un mes de febrero con altos niveles de ocupaci\u00f3n, impulsado principalmente por el turismo nacional y una intensa estrategia de promoci\u00f3n desarrollada a nivel pa\u00eds. Desde el Gobierno destacaron que este escenario no solo fortalece la imagen regional, sino &hellip;<\/p>\n","protected":false},"author":2,"featured_media":11668,"comment_status":"closed","ping_status":"closed","sticky":false,"template":"","format":"standard","meta":{"footnotes":""},"categories":[2],"tags":[],"class_list":["post-12409","post","type-post","status-publish","format-standard","has-post-thumbnail","hentry","category-regionales"],"_links":{"self":[{"href":"https:\/\/www.elregional.cl\/index.php?rest_route=\/wp\/v2\/posts\/12409","targetHints":{"allow":["GET"]}}],"collection":[{"href":"https:\/\/www.elregional.cl\/index.php?rest_route=\/wp\/v2\/posts"}],"about":[{"href":"https:\/\/www.elregional.cl\/index.php?rest_route=\/wp\/v2\/types\/post"}],"author":[{"embeddable":true,"href":"https:\/\/www.elregional.cl\/index.php?rest_route=\/wp\/v2\/users\/2"}],"replies":[{"embeddable":true,"href":"https:\/\/www.elregional.cl\/index.php?rest_route=%2Fwp%2Fv2%2Fcomments&post=12409"}],"version-history":[{"count":1,"href":"https:\/\/www.elregional.cl\/index.php?rest_route=\/wp\/v2\/posts\/12409\/revisions"}],"predecessor-version":[{"id":12410,"href":"https:\/\/www.elregional.cl\/index.php?rest_route=\/wp\/v2\/posts\/12409\/revisions\/12410"}],"wp:featuredmedia":[{"embeddable":true,"href":"https:\/\/www.elregional.cl\/index.php?rest_route=\/wp\/v2\/media\/11668"}],"wp:attachment":[{"href":"https:\/\/www.elregional.cl\/index.php?rest_route=%2Fwp%2Fv2%2Fmedia&parent=12409"}],"wp:term":[{"taxonomy":"category","embeddable":true,"href":"https:\/\/www.elregional.cl\/index.php?rest_route=%2Fwp%2Fv2%2Fcategories&post=12409"},{"taxonomy":"post_tag","embeddable":true,"href":"https:\/\/www.elregional.cl\/index.php?rest_route=%2Fwp%2Fv2%2Ftags&post=12409"}],"curies":[{"name":"wp","href":"https:\/\/api.w.org\/{rel}","templated":true}]}}