{"id":12435,"date":"2026-02-11T17:05:01","date_gmt":"2026-02-11T17:05:01","guid":{"rendered":"https:\/\/www.elregional.cl\/?p=12435"},"modified":"2026-02-11T17:05:01","modified_gmt":"2026-02-11T17:05:01","slug":"en-coquimbo-llega-nuevo-cotizador-de-utiles-y-uniformes-escolares","status":"publish","type":"post","link":"https:\/\/www.elregional.cl\/?p=12435","title":{"rendered":"En Coquimbo: Llega nuevo cotizador de \u00fatiles y uniformes escolares"},"content":{"rendered":"<div class=\"et_pb_module et_pb_text et_pb_text_0_tb_body  et_pb_text_align_left et_pb_bg_layout_light\">\n<div class=\"et_pb_text_inner\"><\/div>\n<\/div>\n<div class=\"et_pb_module et_pb_text et_pb_text_1_tb_body  et_pb_text_align_left et_pb_bg_layout_light\">\n<div class=\"et_pb_text_inner\">La herramienta gratuita busca apoyar a las familias, permitiendo comparar precios en comercios establecidos, evidenciando importantes diferencias y promoviendo decisiones de compra informadas en el inicio del a\u00f1o escolar<\/div>\n<\/div>\n<div class=\"et_pb_module et_pb_post_content et_pb_post_content_0_tb_body\">\n<p>Para apoyar a las familias en uno de los periodos de mayor gasto del a\u00f1o, el Servicio Nacional del Consumidor (SERNAC) realiz\u00f3 en el centro de Coquimbo el lanzamiento regional del Cotizador de Precios de \u00datiles y Uniformes Escolares 2026, una herramienta digital gratuita que permite comparar valores de productos escolares y uniformes en distintos establecimientos, fomentando el ahorro y el consumo informado.<\/p>\n<p>La actividad se desarroll\u00f3 en la librer\u00eda Fala, comercio tradicional y establecido de la comuna, que forma parte de la base de datos del cotizador, relevando adem\u00e1s la importancia de fortalecer el comercio local formal, que cumple con la normativa vigente y protege los derechos de las personas consumidoras.<\/p>\n<p>Esta herramienta del SERNAC incluye m\u00e1s de 150 mil precios, correspondientes a alrededor de 60 empresas entre librer\u00edas y supermercados, que suman m\u00e1s de 1.600 sucursales a nivel pa\u00eds. La plataforma se actualiza semanalmente, con publicaci\u00f3n de datos cada lunes durante febrero y hasta la segunda semana de marzo, permitiendo a las familias planificar sus gastos con informaci\u00f3n reciente y representativa de la variabilidad de precios del mercado.<\/p>\n<p>Una de las due\u00f1as de la librer\u00eda Fala, Carmen Sandoval Ossa,\u00a0 valor\u00f3 la posibilidad de ser parte de esta iniciativa p\u00fablica. \u201c<em>Estoy muy contenta que SERNAC nos haya dado la oportunidad de subirnos a la plataforma. Invito a toda la gente de Coquimbo, los coquimbanos de coraz\u00f3n, que vengan a nuestras tiendas, donde nos hemos preparado para recibirlos con los mejores productos, con los mejores precios<\/em>\u201d.<\/p>\n<p>Desde el \u00e1mbito municipal, se destac\u00f3 el impacto que tiene el acceso a informaci\u00f3n clara y transparente para la toma de decisiones de compra. Crist\u00f3bal Reyes, director del Departamento de Desarrollo Comunitario de la Ilustre Municipalidad de Coquimbo, indic\u00f3 que \u201c<em>hoy d\u00eda una persona con informaci\u00f3n suficiente y necesaria puede tomar buenas determinaciones. Y no cabe ninguna duda que el comercio local ofrece mejores alternativas muchas veces, tanto en precios y en calidad y en proximidad<\/em>\u201d.<\/p>\n<p>En tanto, la Seremi de Gobierno de la Regi\u00f3n de Coquimbo, Paulina Mora, subray\u00f3 el car\u00e1cter concreto de esta herramienta en un mes especialmente complejo para la econom\u00eda familiar. \u201c<em>Esta es una herramienta concreta que se suma a otras medidas del Estado, como el Aporte Familiar Permanente, cuyo pago comienza el 16 de febrero, y a distintas iniciativas que hemos impulsado para aliviar el bolsillo de las familias. Este cotizador permite comparar precios y evidencia diferencias muy significativas: SERNAC ha detectado brechas de hasta 3.500% en un mismo producto seg\u00fan el lugar donde se compre<\/em>\u201d.<\/p>\n<p>Madero.cl<\/p>\n<\/div>\n","protected":false},"excerpt":{"rendered":"<p>La herramienta gratuita busca apoyar a las familias, permitiendo comparar precios en comercios establecidos, evidenciando importantes diferencias y promoviendo decisiones de compra informadas en el inicio del a\u00f1o escolar Para apoyar a las familias en uno de los periodos de mayor gasto del a\u00f1o, el Servicio Nacional del Consumidor (SERNAC) realiz\u00f3 en el centro de &hellip;<\/p>\n","protected":false},"author":2,"featured_media":12436,"comment_status":"closed","ping_status":"closed","sticky":false,"template":"","format":"standard","meta":{"footnotes":""},"categories":[2],"tags":[],"class_list":["post-12435","post","type-post","status-publish","format-standard","has-post-thumbnail","hentry","category-regionales"],"_links":{"self":[{"href":"https:\/\/www.elregional.cl\/index.php?rest_route=\/wp\/v2\/posts\/12435","targetHints":{"allow":["GET"]}}],"collection":[{"href":"https:\/\/www.elregional.cl\/index.php?rest_route=\/wp\/v2\/posts"}],"about":[{"href":"https:\/\/www.elregional.cl\/index.php?rest_route=\/wp\/v2\/types\/post"}],"author":[{"embeddable":true,"href":"https:\/\/www.elregional.cl\/index.php?rest_route=\/wp\/v2\/users\/2"}],"replies":[{"embeddable":true,"href":"https:\/\/www.elregional.cl\/index.php?rest_route=%2Fwp%2Fv2%2Fcomments&post=12435"}],"version-history":[{"count":1,"href":"https:\/\/www.elregional.cl\/index.php?rest_route=\/wp\/v2\/posts\/12435\/revisions"}],"predecessor-version":[{"id":12437,"href":"https:\/\/www.elregional.cl\/index.php?rest_route=\/wp\/v2\/posts\/12435\/revisions\/12437"}],"wp:featuredmedia":[{"embeddable":true,"href":"https:\/\/www.elregional.cl\/index.php?rest_route=\/wp\/v2\/media\/12436"}],"wp:attachment":[{"href":"https:\/\/www.elregional.cl\/index.php?rest_route=%2Fwp%2Fv2%2Fmedia&parent=12435"}],"wp:term":[{"taxonomy":"category","embeddable":true,"href":"https:\/\/www.elregional.cl\/index.php?rest_route=%2Fwp%2Fv2%2Fcategories&post=12435"},{"taxonomy":"post_tag","embeddable":true,"href":"https:\/\/www.elregional.cl\/index.php?rest_route=%2Fwp%2Fv2%2Ftags&post=12435"}],"curies":[{"name":"wp","href":"https:\/\/api.w.org\/{rel}","templated":true}]}}