{"id":12707,"date":"2026-03-02T20:16:20","date_gmt":"2026-03-02T20:16:20","guid":{"rendered":"https:\/\/www.elregional.cl\/?p=12707"},"modified":"2026-03-02T20:16:20","modified_gmt":"2026-03-02T20:16:20","slug":"la-jibia-otra-vez-amenazada-acusan-que-flota-de-mas-de-500-buques-chinos-se-acercan-a-chile","status":"publish","type":"post","link":"https:\/\/www.elregional.cl\/?p=12707","title":{"rendered":"La jibia otra vez amenazada: Acusan que flota de m\u00e1s de 500 buques chinos se acercan a Chile"},"content":{"rendered":"<header id=\"masthead\" class=\"sticky top-0 z-50 text-white\">\n<div class=\"block text-white md:hidden bg-brand-300 social-icons-mobile\">\n<p>&nbsp;<\/p>\n<\/div>\n<\/header>\n<section class=\"main-content\">\n<div class=\"container pb-10 mx-auto md:max-w-[1140px]\">\n<div class=\"items-start gap-4 md:flex\">\n<div class=\"md:w-3\/4\">\n<article>\n<div class=\"px-10 py-6 text-lg text-gray-700 bg-gray-100 border-l-4 border-brand-300\">Informe de la Environmental Justice Foundation denuncia que Chile se convirti\u00f3 en el \u00abpuerto de menor resistencia\u00bb para la flota potera asi\u00e1tica. Mientras pescadores industriales y artesanales chocan por el futuro del recurso.<\/div>\n<div class=\"flex items-center justify-center mt-4 \">\n<div><\/div>\n<\/div>\n<div id=\"mow-ia-mF6OANSjrj8\" class=\"mow-ia mow-ad mow-ia-summary\">\n<div id=\"mow-ia-summary-before-ad\" class=\"mow-ia-summary-before-ad\">\n<div data-mow=\"ad\" data-uid=\"m2UDq6dh9nO\"><\/div>\n<\/div>\n<\/div>\n<div class=\"single-post__content\">\n<p>Un nuevo informe de la\u00a0<a href=\"https:\/\/ejfoundation.org\/\" target=\"_blank\" rel=\"noopener\"><strong>Environmental Justice Foundation (EJF)<\/strong><\/a>\u00a0encendi\u00f3 las\u00a0<strong>alarmas en el sector pesquero chileno<\/strong>\u00a0al advertir que\u00a0<strong>m\u00e1s de 500 buques chinos operan en alta mar<\/strong>, en el \u00e1rea regulada por la Organizaci\u00f3n Regional de Ordenaci\u00f3n Pesquera del Pac\u00edfico Sur (OROP-PS), justo en el\u00a0<strong>l\u00edmite de la Zona Econ\u00f3mica Exclusiva (ZEE) de Chile.<\/strong><\/p>\n<p>La organizaci\u00f3n internacional denuncia que\u00a0<strong>esta flota masiva pone en riesgo la sostenibilidad de la jibia<\/strong>\u00a0(Dosidicus gigas) y la captura nacional del recurso.<\/p>\n<\/div>\n<div class=\"playerAds\"><\/div>\n<div class=\"single-post__content\">\n<p>Seg\u00fan el reporte \u201c<a href=\"https:\/\/ejfoundation.org\/resources\/downloads\/Invisible-e-impune-squid-report-EJF.pdf\" target=\"_blank\" rel=\"noopener\"><strong>Invisible e Impune: La creciente amenaza de la flota potera de China en el Pac\u00edfico Sur<\/strong><\/a>\u201d, publicado el 19 de febrero, las\u00a0<strong>embarcaciones chinas han intensificado su presencia en el Pac\u00edfico Sur<\/strong>.<\/p>\n<div id=\"related-post related-post-130744\" class=\"content-type content-type--related-post\">\n<div class=\"cleanslate360pv\">\n<div>\n<div>\n<div>\n<div><strong style=\"font-size: 22px;\">Creciente preocupaci\u00f3n en Chile<\/strong><\/div>\n<\/div>\n<\/div>\n<\/div>\n<\/div>\n<\/div>\n<p><strong>Chile se habr\u00eda convertido en el \u201cpuerto de menor resistencia\u201d para estos buques<\/strong>: Mientras en 2025 ning\u00fan buque potero chino ingres\u00f3 a puertos peruanos debido a fiscalizaciones m\u00e1s estrictas,\u00a0<strong>las llegadas a Chile aumentaron de menos de 10 en 2024 a cerca de 180 durante el a\u00f1o pasado.<\/strong><\/p>\n<p>La\u00a0<strong>informaci\u00f3n coincide con denuncias previas de pescadores artesanales<\/strong>\u00a0del norte del pa\u00eds, que\u00a0<a href=\"https:\/\/eldesconcierto.cl\/2025\/10\/07\/sector-artesanal-pide-al-gobierno-aclarar-rol-de-flota-china-en-costas-chilenas-sospechan-pesca-de-jibia-no-autorizada\" target=\"_blank\" rel=\"noopener\"><strong>ya en octubre de 2025 alertaron<\/strong><\/a>\u00a0sobre la presencia de decenas de naves chinas frente a Iquique y exigieron mayor control y coordinaci\u00f3n con Per\u00fa y Ecuador.<\/p>\n<h3><strong>Ley 21.134 en el centro de la pol\u00e9mica<\/strong><\/h3>\n<p>El informe de la EJF reactiv\u00f3 de inmediato el debate sobre la\u00a0<a href=\"https:\/\/www.bcn.cl\/leychile\/navegar?idNorma=1129008\" target=\"_blank\" rel=\"noopener\"><strong>Ley 21.134<\/strong><\/a>\u00a0(promulgada en agosto de 2019), que\u00a0<strong>regul\u00f3 la pesca de jibia permitiendo \u00fanicamente el uso de potera o l\u00ednea de mano<\/strong>, y prohibiendo artes como arrastre y cerco. Esta norma excluy\u00f3 pr\u00e1cticamente al sector industrial de la captura del recurso.<\/p>\n<p>La\u00a0<strong>Asociaci\u00f3n de Industriales Pesqueros del B\u00edo B\u00edo (ASIPES),<\/strong>\u00a0a trav\u00e9s de su presidenta Macarena Cepeda Godoy,\u00a0<strong>calific\u00f3 la ley como \u201cla peor pol\u00edtica p\u00fablica en materia pesquera<\/strong>\u00a0en la historia de Chile\u201d.<\/p>\n<p>Seg\u00fan sus cifras, desde 2019 han quedado sin capturar casi 800 mil toneladas del recurso, lo que habr\u00eda significado p\u00e9rdidas de US$1.500 millones en exportaciones, el cierre de plantas procesadoras en Talcahuano, Coronel y Lota, y la p\u00e9rdida de alrededor de 1.700 empleos.<\/p>\n<p>El desconcierto.cl<\/p>\n<\/div>\n<\/article>\n<\/div>\n<\/div>\n<\/div>\n<\/section>\n","protected":false},"excerpt":{"rendered":"<p>&nbsp; Informe de la Environmental Justice Foundation denuncia que Chile se convirti\u00f3 en el \u00abpuerto de menor resistencia\u00bb para la flota potera asi\u00e1tica. Mientras pescadores industriales y artesanales chocan por el futuro del recurso. Un nuevo informe de la\u00a0Environmental Justice Foundation (EJF)\u00a0encendi\u00f3 las\u00a0alarmas en el sector pesquero chileno\u00a0al advertir que\u00a0m\u00e1s de 500 buques chinos operan &hellip;<\/p>\n","protected":false},"author":2,"featured_media":12708,"comment_status":"closed","ping_status":"closed","sticky":false,"template":"","format":"standard","meta":{"footnotes":""},"categories":[3],"tags":[],"class_list":["post-12707","post","type-post","status-publish","format-standard","has-post-thumbnail","hentry","category-pais"],"_links":{"self":[{"href":"https:\/\/www.elregional.cl\/index.php?rest_route=\/wp\/v2\/posts\/12707","targetHints":{"allow":["GET"]}}],"collection":[{"href":"https:\/\/www.elregional.cl\/index.php?rest_route=\/wp\/v2\/posts"}],"about":[{"href":"https:\/\/www.elregional.cl\/index.php?rest_route=\/wp\/v2\/types\/post"}],"author":[{"embeddable":true,"href":"https:\/\/www.elregional.cl\/index.php?rest_route=\/wp\/v2\/users\/2"}],"replies":[{"embeddable":true,"href":"https:\/\/www.elregional.cl\/index.php?rest_route=%2Fwp%2Fv2%2Fcomments&post=12707"}],"version-history":[{"count":1,"href":"https:\/\/www.elregional.cl\/index.php?rest_route=\/wp\/v2\/posts\/12707\/revisions"}],"predecessor-version":[{"id":12709,"href":"https:\/\/www.elregional.cl\/index.php?rest_route=\/wp\/v2\/posts\/12707\/revisions\/12709"}],"wp:featuredmedia":[{"embeddable":true,"href":"https:\/\/www.elregional.cl\/index.php?rest_route=\/wp\/v2\/media\/12708"}],"wp:attachment":[{"href":"https:\/\/www.elregional.cl\/index.php?rest_route=%2Fwp%2Fv2%2Fmedia&parent=12707"}],"wp:term":[{"taxonomy":"category","embeddable":true,"href":"https:\/\/www.elregional.cl\/index.php?rest_route=%2Fwp%2Fv2%2Fcategories&post=12707"},{"taxonomy":"post_tag","embeddable":true,"href":"https:\/\/www.elregional.cl\/index.php?rest_route=%2Fwp%2Fv2%2Ftags&post=12707"}],"curies":[{"name":"wp","href":"https:\/\/api.w.org\/{rel}","templated":true}]}}