{"id":1271,"date":"2024-09-19T13:14:41","date_gmt":"2024-09-19T13:14:41","guid":{"rendered":"https:\/\/www.elregional.cl\/?p=1271"},"modified":"2024-09-19T13:14:41","modified_gmt":"2024-09-19T13:14:41","slug":"alejandro-tabilo-debuta-en-el-torneo-laver-cup-berlin-2024","status":"publish","type":"post","link":"https:\/\/www.elregional.cl\/?p=1271","title":{"rendered":"Alejandro Tabilo debuta en el torneo \u00abLaver Cup Berlin 2024\u00bb"},"content":{"rendered":"<p class=\"c-paragraph\"><a href=\"https:\/\/www.encancha.cl\/polideportivo\/tenis\/2024\/09\/16\/con-dos-ascensos-asi-quedaron-tabilo-jarry-garin-y-barrios-en-el-ranking-atp-tras-la-copa-davis\/\" target=\"_blank\" rel=\"noopener\"><b>Alejandro Tabilo (22\u00b0)<\/b><\/a>\u00a0debutar\u00e1 este viernes en la\u00a0<a href=\"https:\/\/www.encancha.cl\/temas\/laver-cup\/\" target=\"_blank\" rel=\"noopener\"><b>Laver Cup Berlin 2024<\/b><\/a>, en la que forma parte del\u00a0<b>equipo Mundo\u00a0<\/b>que se enfrentar\u00e1 a Europa en la tradicional confrontaci\u00f3n que se da justo en la recta final de la temporada en la que el el chileno logr\u00f3 grandes resultados, pero que no ha podido cerrar bien.<\/p>\n<p class=\"c-paragraph\">Entre este viernes 20 de septiembre y el domingo 22, se disputar\u00e1n cuatro partidos, tres de singles y un dobles. En el caso del chileno,\u00a0<b>ser\u00e1 el encargado de disputar el tercer duelo de la jornada inaugural<\/b>, abriendo la sesi\u00f3n nocturna en el Uber Arena de la capital alemana.<\/p>\n","protected":false},"excerpt":{"rendered":"<p>Alejandro Tabilo (22\u00b0)\u00a0debutar\u00e1 este viernes en la\u00a0Laver Cup Berlin 2024, en la que forma parte del\u00a0equipo Mundo\u00a0que se enfrentar\u00e1 a Europa en la tradicional confrontaci\u00f3n que se da justo en la recta final de la temporada en la que el el chileno logr\u00f3 grandes resultados, pero que no ha podido cerrar bien. Entre este viernes &hellip;<\/p>\n","protected":false},"author":2,"featured_media":0,"comment_status":"closed","ping_status":"closed","sticky":false,"template":"","format":"standard","meta":{"footnotes":""},"categories":[5],"tags":[],"class_list":["post-1271","post","type-post","status-publish","format-standard","hentry","category-deportes"],"_links":{"self":[{"href":"https:\/\/www.elregional.cl\/index.php?rest_route=\/wp\/v2\/posts\/1271","targetHints":{"allow":["GET"]}}],"collection":[{"href":"https:\/\/www.elregional.cl\/index.php?rest_route=\/wp\/v2\/posts"}],"about":[{"href":"https:\/\/www.elregional.cl\/index.php?rest_route=\/wp\/v2\/types\/post"}],"author":[{"embeddable":true,"href":"https:\/\/www.elregional.cl\/index.php?rest_route=\/wp\/v2\/users\/2"}],"replies":[{"embeddable":true,"href":"https:\/\/www.elregional.cl\/index.php?rest_route=%2Fwp%2Fv2%2Fcomments&post=1271"}],"version-history":[{"count":1,"href":"https:\/\/www.elregional.cl\/index.php?rest_route=\/wp\/v2\/posts\/1271\/revisions"}],"predecessor-version":[{"id":1273,"href":"https:\/\/www.elregional.cl\/index.php?rest_route=\/wp\/v2\/posts\/1271\/revisions\/1273"}],"wp:attachment":[{"href":"https:\/\/www.elregional.cl\/index.php?rest_route=%2Fwp%2Fv2%2Fmedia&parent=1271"}],"wp:term":[{"taxonomy":"category","embeddable":true,"href":"https:\/\/www.elregional.cl\/index.php?rest_route=%2Fwp%2Fv2%2Fcategories&post=1271"},{"taxonomy":"post_tag","embeddable":true,"href":"https:\/\/www.elregional.cl\/index.php?rest_route=%2Fwp%2Fv2%2Ftags&post=1271"}],"curies":[{"name":"wp","href":"https:\/\/api.w.org\/{rel}","templated":true}]}}