{"id":12729,"date":"2026-03-03T01:37:47","date_gmt":"2026-03-03T01:37:47","guid":{"rendered":"https:\/\/www.elregional.cl\/?p=12729"},"modified":"2026-03-03T01:37:47","modified_gmt":"2026-03-03T01:37:47","slug":"transportistas-acusan-que-argentinos-ingresan-a-chile-con-camiones-bitrenes","status":"publish","type":"post","link":"https:\/\/www.elregional.cl\/?p=12729","title":{"rendered":"Transportistas acusan que argentinos ingresan a Chile con camiones bitrenes"},"content":{"rendered":"<header class=\"header bbcl-app\">\n<div class=\"navbar\"><\/div>\n<div class=\"scroll-progress-bar-container\" data-v-2c83f65f=\"\"><\/div>\n<\/header>\n<p><main id=\"content-container\"><\/p>\n<article id=\"post-6749625\" class=\"post  \" data-id=\"6749625\" data-url=\"https:\/\/www.biobiochile.cl\/noticias\/nacional\/region-de-los-lagos\/2026\/03\/02\/no-estan-permitidos-transportistas-acusan-que-argentinos-ingresan-a-chile-con-camiones-bitrenes.shtml\" data-title=\"No est\u00e1n permitidos: Transportistas acusan que argentinos ingresan a Chile con camiones bitrenes\" data-category=\"nacional\" data-secondary=\"region-de-los-lagos\">\n<div class=\"post-text-container\">\n<div class=\"autores-trust-project\">\n<div class=\"contenedor-datos\">\n<p class=\"nombres\">Transportistas del sur austral del pa\u00eds que emplean el paso Cardenal Antonio Samor\u00e9 en Puyehue, regi\u00f3n de Los Lagos, <strong>acusan incumplimientos del tratado bilateral de tr\u00e1nsito terrestre vigente entre Chile y Argentina.<\/strong><\/p>\n<\/div>\n<\/div>\n<\/div>\n<div class=\"post-content banners-contenido-nota-6749625\">\n<div><\/div>\n<p>Por lo mismo, piden una mayor preocupaci\u00f3n y presencia desde el<strong>\u00a0nivel central en lo acusado.<\/strong><\/p>\n<div class=\"lee-tambien-bbcl\">\n<div class=\"lee-tambien-titulo\"><\/div>\n<\/div>\n<p>Desde la Uni\u00f3n de Transportistas Magallanes Asociaci\u00f3n Gremial, su dirigente Marcelo N\u00fa\u00f1ez se\u00f1al\u00f3 que el conflicto\u00a0<strong>surge tras la implementaci\u00f3n en Argentina de camiones tipo \u201cbitren\u201d.<\/strong><\/p>\n<p>Estos, pese a la prohibici\u00f3n chilena, de igual manera ingresan a territorio nacional en el sur austral, mediante maniobras de desacople y reconfiguraci\u00f3n de carga,\u00a0<strong>lo que calific\u00f3 como una vulneraci\u00f3n directa de la legislaci\u00f3n vigente.<\/strong><\/p>\n<p>De igual forma, acusan una competencia desigual para transportistas nacionales que deben cumplir controles reiterados en ruta, mientras \u2014afirman\u2014 los camiones\u00a0<strong>extranjeros no enfrentar\u00edan fiscalizaciones equivalentes en Chile.<\/strong><\/p>\n<p>Desde la Uni\u00f3n de Transportistas Magallanes Asociaci\u00f3n Gremial, exhortaron a las autoridades a reforzar la fiscalizaci\u00f3n y resguardar el tratado de 1974 que regula el tr\u00e1nsito internacional.<\/p>\n<p>bb.cl<\/p>\n<\/div>\n<\/article>\n<p><\/main><\/p>\n","protected":false},"excerpt":{"rendered":"<p>Transportistas del sur austral del pa\u00eds que emplean el paso Cardenal Antonio Samor\u00e9 en Puyehue, regi\u00f3n de Los Lagos, acusan incumplimientos del tratado bilateral de tr\u00e1nsito terrestre vigente entre Chile y Argentina. Por lo mismo, piden una mayor preocupaci\u00f3n y presencia desde el\u00a0nivel central en lo acusado. Desde la Uni\u00f3n de Transportistas Magallanes Asociaci\u00f3n Gremial, &hellip;<\/p>\n","protected":false},"author":2,"featured_media":12730,"comment_status":"closed","ping_status":"closed","sticky":false,"template":"","format":"standard","meta":{"footnotes":""},"categories":[3],"tags":[],"class_list":["post-12729","post","type-post","status-publish","format-standard","has-post-thumbnail","hentry","category-pais"],"_links":{"self":[{"href":"https:\/\/www.elregional.cl\/index.php?rest_route=\/wp\/v2\/posts\/12729","targetHints":{"allow":["GET"]}}],"collection":[{"href":"https:\/\/www.elregional.cl\/index.php?rest_route=\/wp\/v2\/posts"}],"about":[{"href":"https:\/\/www.elregional.cl\/index.php?rest_route=\/wp\/v2\/types\/post"}],"author":[{"embeddable":true,"href":"https:\/\/www.elregional.cl\/index.php?rest_route=\/wp\/v2\/users\/2"}],"replies":[{"embeddable":true,"href":"https:\/\/www.elregional.cl\/index.php?rest_route=%2Fwp%2Fv2%2Fcomments&post=12729"}],"version-history":[{"count":1,"href":"https:\/\/www.elregional.cl\/index.php?rest_route=\/wp\/v2\/posts\/12729\/revisions"}],"predecessor-version":[{"id":12731,"href":"https:\/\/www.elregional.cl\/index.php?rest_route=\/wp\/v2\/posts\/12729\/revisions\/12731"}],"wp:featuredmedia":[{"embeddable":true,"href":"https:\/\/www.elregional.cl\/index.php?rest_route=\/wp\/v2\/media\/12730"}],"wp:attachment":[{"href":"https:\/\/www.elregional.cl\/index.php?rest_route=%2Fwp%2Fv2%2Fmedia&parent=12729"}],"wp:term":[{"taxonomy":"category","embeddable":true,"href":"https:\/\/www.elregional.cl\/index.php?rest_route=%2Fwp%2Fv2%2Fcategories&post=12729"},{"taxonomy":"post_tag","embeddable":true,"href":"https:\/\/www.elregional.cl\/index.php?rest_route=%2Fwp%2Fv2%2Ftags&post=12729"}],"curies":[{"name":"wp","href":"https:\/\/api.w.org\/{rel}","templated":true}]}}