{"id":12733,"date":"2026-03-03T12:22:26","date_gmt":"2026-03-03T12:22:26","guid":{"rendered":"https:\/\/www.elregional.cl\/?p=12733"},"modified":"2026-03-03T12:22:26","modified_gmt":"2026-03-03T12:22:26","slug":"elevan-a-787-el-numero-de-fallecidos-en-iran-por-los-ataques-de-ee-uu-e-israel","status":"publish","type":"post","link":"https:\/\/www.elregional.cl\/?p=12733","title":{"rendered":"Elevan a 787 el n\u00famero de fallecidos en Ir\u00e1n por los ataques de EE.UU. e Israel"},"content":{"rendered":"<div class=\"div_titulo\">\n<h1 id=\"ucDetalle_TituloNoticia\"><\/h1>\n<\/div>\n<div class=\"div_h2\">\n<h5 id=\"ucDetalle_BajadaNoticia\">Emol.cl<\/h5>\n<h5>El cuarto d\u00eda de conflicto comenz\u00f3 con nuevos ataques israel\u00edes contra Teher\u00e1n y el L\u00edbano.<\/h5>\n<\/div>\n<div class=\"contenedor_social_emol\"><\/div>\n<div id=\"ucDetalle_CuerpoNoticia\" class=\"cuerpo_noticia cuerpo_noti_height_full\">\n<div>La\u00a0<b>Media Luna Roja iran\u00ed\u00a0<\/b>elev\u00f3 este martes a 787 la cifra de muertos por los ataques de Israel y Estados Unidos, que empezaron el pasado pasado 28 de febrero.<\/div>\n<div><\/div>\n<div>Seg\u00fan informes de campo, la cifra de 555 anunciada este lunes por el organismo registr\u00f3\u00a0<b>un ascenso de 232 v\u00edctimas nuevas<\/b>, en las \u00faltimas horas.<\/div>\n<div><\/div>\n<div>Por su parte, la organizaci\u00f3n iran\u00ed de derechos humanos HRANA, con sede en Washington, dijo este martes qu<b>e al menos 742 civiles han muerto en Ir\u00e1n<\/b>, entre ellos 176 menores de edad.<\/div>\n<div><\/div>\n<div>Adem\u00e1s, 971 civiles han resultado heridos, incluidos 115 ni\u00f1os, mientras que otros 624 fallecimientos permanecen pendientes de confirmaci\u00f3n y clasificaci\u00f3n, de acuerdo con el \u00faltimo informe de HRANA.<\/div>\n<div><\/div>\n<div>El cuarto d\u00eda de guerra comenz\u00f3 con\u00a0<b>nuevos ataques del Ej\u00e9rcito de Israel contra Teher\u00e1n y Beirut<\/b>, despu\u00e9s de que Hezbollah anunciara el env\u00edo de drones contra una base israel\u00ed y de que la Guardia Revolucionaria de Ir\u00e1n afirmara haber destruido una sede militar de EE.UU. en Bahrein.<\/div>\n<div><\/div>\n<div>Hasta primera hora de hoy se sucedieron bombardeos cruzados con distintos objetivos. Estados Unidos e Israel continuaron a su vez centrados en ofrecer diferentes justificaciones del ataque conjunto del s\u00e1bado contra Ir\u00e1n, que fueron rebatidas por Teher\u00e1n.<\/div>\n<div><\/div>\n<div><b>Las cifras contin\u00faan siendo provisionales debido a las restricciones de acceso<\/b>, la interrupci\u00f3n casi total de Internet y las dificultades para la verificaci\u00f3n independiente sobre el terreno.<\/div>\n<\/div>\n","protected":false},"excerpt":{"rendered":"<p>Emol.cl El cuarto d\u00eda de conflicto comenz\u00f3 con nuevos ataques israel\u00edes contra Teher\u00e1n y el L\u00edbano. La\u00a0Media Luna Roja iran\u00ed\u00a0elev\u00f3 este martes a 787 la cifra de muertos por los ataques de Israel y Estados Unidos, que empezaron el pasado pasado 28 de febrero. Seg\u00fan informes de campo, la cifra de 555 anunciada este lunes &hellip;<\/p>\n","protected":false},"author":2,"featured_media":12734,"comment_status":"closed","ping_status":"closed","sticky":false,"template":"","format":"standard","meta":{"footnotes":""},"categories":[4],"tags":[],"class_list":["post-12733","post","type-post","status-publish","format-standard","has-post-thumbnail","hentry","category-mundo"],"_links":{"self":[{"href":"https:\/\/www.elregional.cl\/index.php?rest_route=\/wp\/v2\/posts\/12733","targetHints":{"allow":["GET"]}}],"collection":[{"href":"https:\/\/www.elregional.cl\/index.php?rest_route=\/wp\/v2\/posts"}],"about":[{"href":"https:\/\/www.elregional.cl\/index.php?rest_route=\/wp\/v2\/types\/post"}],"author":[{"embeddable":true,"href":"https:\/\/www.elregional.cl\/index.php?rest_route=\/wp\/v2\/users\/2"}],"replies":[{"embeddable":true,"href":"https:\/\/www.elregional.cl\/index.php?rest_route=%2Fwp%2Fv2%2Fcomments&post=12733"}],"version-history":[{"count":1,"href":"https:\/\/www.elregional.cl\/index.php?rest_route=\/wp\/v2\/posts\/12733\/revisions"}],"predecessor-version":[{"id":12735,"href":"https:\/\/www.elregional.cl\/index.php?rest_route=\/wp\/v2\/posts\/12733\/revisions\/12735"}],"wp:featuredmedia":[{"embeddable":true,"href":"https:\/\/www.elregional.cl\/index.php?rest_route=\/wp\/v2\/media\/12734"}],"wp:attachment":[{"href":"https:\/\/www.elregional.cl\/index.php?rest_route=%2Fwp%2Fv2%2Fmedia&parent=12733"}],"wp:term":[{"taxonomy":"category","embeddable":true,"href":"https:\/\/www.elregional.cl\/index.php?rest_route=%2Fwp%2Fv2%2Fcategories&post=12733"},{"taxonomy":"post_tag","embeddable":true,"href":"https:\/\/www.elregional.cl\/index.php?rest_route=%2Fwp%2Fv2%2Ftags&post=12733"}],"curies":[{"name":"wp","href":"https:\/\/api.w.org\/{rel}","templated":true}]}}