{"id":12752,"date":"2026-03-06T10:20:57","date_gmt":"2026-03-06T10:20:57","guid":{"rendered":"https:\/\/www.elregional.cl\/?p=12752"},"modified":"2026-03-06T10:20:57","modified_gmt":"2026-03-06T10:20:57","slug":"perritos-adiestrados-se-incorporan-a-la-seguridad-ciudadana-de-la-serena","status":"publish","type":"post","link":"https:\/\/www.elregional.cl\/?p=12752","title":{"rendered":"\u00abPerritos\u00bb adiestrados se incorporan a la Seguridad Ciudadana de La Serena"},"content":{"rendered":"<p>La iniciativa, pionera a nivel nacional, suma canes entrenados al trabajo preventivo de la Direcci\u00f3n de Seguridad Ciudadana, reforzando la presencia municipal y la disuasi\u00f3n del delito en los barrios de la comuna.<\/p>\n<p>En el marco de nuevas estrategias para fortalecer la prevenci\u00f3n del delito, el municipio de La Serena present\u00f3 a dos perros adiestrados que se integran al equipo de Seguridad Ciudadana, marcando un hito innovador en materia de seguridad municipal a nivel pa\u00eds.<br \/>\nLos canes, llamados Segurito y Segurita, tienen 3 y 6 meses de edad, respectivamente, y fueron adiestrados por un instructor K9 para cumplir labores exclusivamente preventivas. Ambos acompa\u00f1ar\u00e1n a los inspectores municipales en patrullajes por distintos sectores de La Serena, contribuyendo a la disuasi\u00f3n de delitos y al fortalecimiento de la presencia municipal en terreno.<br \/>\n\u201cHoy La Serena aperra con la seguridad. Nuestra brigada canina se fortalece para poder combatir la delincuencia, a trav\u00e9s de rondas preventivas y trabajando con nuestra comunidad. En ese sentido, nosotros como Municipalidad de La Serena ya nos estamos adelantando a la aplicaci\u00f3n de la nueva Ley de Seguridad Municipal, porque nos puede brindar mayores herramientas y m\u00e1s seguridad. Una de las alternativas es contar con este nuevo equipo canino\u201d, indic\u00f3 la alcaldesa Daniela Norambuena, destacando que ambos animales cuentan con un veterinario y un entrenador a disposici\u00f3n, a\u00f1adiendo que esto \u201ces una herramienta m\u00e1s, pero tambi\u00e9n con amor, con cari\u00f1o y con mucha empat\u00eda\u201d.<\/p>\n<p>&nbsp;<\/p>\n","protected":false},"excerpt":{"rendered":"<p>La iniciativa, pionera a nivel nacional, suma canes entrenados al trabajo preventivo de la Direcci\u00f3n de Seguridad Ciudadana, reforzando la presencia municipal y la disuasi\u00f3n del delito en los barrios de la comuna. En el marco de nuevas estrategias para fortalecer la prevenci\u00f3n del delito, el municipio de La Serena present\u00f3 a dos perros adiestrados &hellip;<\/p>\n","protected":false},"author":2,"featured_media":12753,"comment_status":"closed","ping_status":"closed","sticky":false,"template":"","format":"standard","meta":{"footnotes":""},"categories":[2],"tags":[],"class_list":["post-12752","post","type-post","status-publish","format-standard","has-post-thumbnail","hentry","category-regionales"],"_links":{"self":[{"href":"https:\/\/www.elregional.cl\/index.php?rest_route=\/wp\/v2\/posts\/12752","targetHints":{"allow":["GET"]}}],"collection":[{"href":"https:\/\/www.elregional.cl\/index.php?rest_route=\/wp\/v2\/posts"}],"about":[{"href":"https:\/\/www.elregional.cl\/index.php?rest_route=\/wp\/v2\/types\/post"}],"author":[{"embeddable":true,"href":"https:\/\/www.elregional.cl\/index.php?rest_route=\/wp\/v2\/users\/2"}],"replies":[{"embeddable":true,"href":"https:\/\/www.elregional.cl\/index.php?rest_route=%2Fwp%2Fv2%2Fcomments&post=12752"}],"version-history":[{"count":1,"href":"https:\/\/www.elregional.cl\/index.php?rest_route=\/wp\/v2\/posts\/12752\/revisions"}],"predecessor-version":[{"id":12754,"href":"https:\/\/www.elregional.cl\/index.php?rest_route=\/wp\/v2\/posts\/12752\/revisions\/12754"}],"wp:featuredmedia":[{"embeddable":true,"href":"https:\/\/www.elregional.cl\/index.php?rest_route=\/wp\/v2\/media\/12753"}],"wp:attachment":[{"href":"https:\/\/www.elregional.cl\/index.php?rest_route=%2Fwp%2Fv2%2Fmedia&parent=12752"}],"wp:term":[{"taxonomy":"category","embeddable":true,"href":"https:\/\/www.elregional.cl\/index.php?rest_route=%2Fwp%2Fv2%2Fcategories&post=12752"},{"taxonomy":"post_tag","embeddable":true,"href":"https:\/\/www.elregional.cl\/index.php?rest_route=%2Fwp%2Fv2%2Ftags&post=12752"}],"curies":[{"name":"wp","href":"https:\/\/api.w.org\/{rel}","templated":true}]}}