{"id":12766,"date":"2026-03-09T17:38:11","date_gmt":"2026-03-09T17:38:11","guid":{"rendered":"https:\/\/www.elregional.cl\/?p=12766"},"modified":"2026-03-09T17:38:11","modified_gmt":"2026-03-09T17:38:11","slug":"la-serena-persecucion-por-auto-robado-termina-con-detenido-en-la-antena","status":"publish","type":"post","link":"https:\/\/www.elregional.cl\/?p=12766","title":{"rendered":"La Serena: Persecuci\u00f3n por auto robado termina con detenido en La Antena"},"content":{"rendered":"<div class=\"et_pb_module et_pb_text et_pb_text_0_tb_body  et_pb_text_align_left et_pb_bg_layout_light\">\n<div class=\"et_pb_text_inner\"><\/div>\n<\/div>\n<div class=\"et_pb_module et_pb_text et_pb_text_1_tb_body  et_pb_text_align_left et_pb_bg_layout_light\">\n<div class=\"et_pb_text_inner\">El operativo, que incluy\u00f3 patrullajes coordinados entre Seguridad Ciudadana y Carabineros, se extendi\u00f3 hasta la Ruta CH-41.<\/div>\n<div><\/div>\n<\/div>\n<div class=\"et_pb_module et_pb_post_content et_pb_post_content_0_tb_body\">\n<p>Un amplio operativo policial se registr\u00f3 la ma\u00f1ana de este domingo en la poblaci\u00f3n 17 de Septiembre, en el sector La Antena de la comuna de La Serena, luego de que se reportara una persecuci\u00f3n policial en el lugar.<\/p>\n<p>De acuerdo con informaci\u00f3n preliminar, el procedimiento se origin\u00f3 tras el seguimiento de un veh\u00edculo menor que manten\u00eda encargo por robo y que se dio a la fuga por el sector La Antena, desplaz\u00e1ndose posteriormente hacia la Ruta CH-41.<\/p>\n<p>Desde Seguridad Ciudadana de la Municipalidad de La Serena se inform\u00f3 que \u201c<em>se recibi\u00f3 un llamado por un veh\u00edculo con encargo y fue perseguido, recuperado, dejando a un hombre detenido<\/em>\u201d.<\/p>\n<p>Respecto de la estrategia de seguridad implementada en el sector, el director de Seguridad Ciudadana de la Municipalidad de La Serena, Gonzalo Arceu, se\u00f1al\u00f3 que \u201c<em>nos encontramos reforzando la estrategia de patrullaje preventivo en conjunto y en colaboraci\u00f3n con Carabineros a trav\u00e9s de las patrullas mixtas<\/em>\u201d.<\/p>\n<p>\u201c<em>Tambi\u00e9n se realiza un trabajo importante en las c\u00e1maras de televigilancia, que han logrado detectar algunas situaciones como veh\u00edculos con encargo por robo. Esto se realiza a trav\u00e9s de la lectura de patentes, lo que permite hacer seguimiento r\u00e1pidamente y derivar el procedimiento a Carabineros de Chile<\/em>\u201d, agreg\u00f3.<\/p>\n<\/div>\n","protected":false},"excerpt":{"rendered":"<p>El operativo, que incluy\u00f3 patrullajes coordinados entre Seguridad Ciudadana y Carabineros, se extendi\u00f3 hasta la Ruta CH-41. Un amplio operativo policial se registr\u00f3 la ma\u00f1ana de este domingo en la poblaci\u00f3n 17 de Septiembre, en el sector La Antena de la comuna de La Serena, luego de que se reportara una persecuci\u00f3n policial en el &hellip;<\/p>\n","protected":false},"author":2,"featured_media":12767,"comment_status":"closed","ping_status":"closed","sticky":false,"template":"","format":"standard","meta":{"footnotes":""},"categories":[2],"tags":[],"class_list":["post-12766","post","type-post","status-publish","format-standard","has-post-thumbnail","hentry","category-regionales"],"_links":{"self":[{"href":"https:\/\/www.elregional.cl\/index.php?rest_route=\/wp\/v2\/posts\/12766","targetHints":{"allow":["GET"]}}],"collection":[{"href":"https:\/\/www.elregional.cl\/index.php?rest_route=\/wp\/v2\/posts"}],"about":[{"href":"https:\/\/www.elregional.cl\/index.php?rest_route=\/wp\/v2\/types\/post"}],"author":[{"embeddable":true,"href":"https:\/\/www.elregional.cl\/index.php?rest_route=\/wp\/v2\/users\/2"}],"replies":[{"embeddable":true,"href":"https:\/\/www.elregional.cl\/index.php?rest_route=%2Fwp%2Fv2%2Fcomments&post=12766"}],"version-history":[{"count":1,"href":"https:\/\/www.elregional.cl\/index.php?rest_route=\/wp\/v2\/posts\/12766\/revisions"}],"predecessor-version":[{"id":12768,"href":"https:\/\/www.elregional.cl\/index.php?rest_route=\/wp\/v2\/posts\/12766\/revisions\/12768"}],"wp:featuredmedia":[{"embeddable":true,"href":"https:\/\/www.elregional.cl\/index.php?rest_route=\/wp\/v2\/media\/12767"}],"wp:attachment":[{"href":"https:\/\/www.elregional.cl\/index.php?rest_route=%2Fwp%2Fv2%2Fmedia&parent=12766"}],"wp:term":[{"taxonomy":"category","embeddable":true,"href":"https:\/\/www.elregional.cl\/index.php?rest_route=%2Fwp%2Fv2%2Fcategories&post=12766"},{"taxonomy":"post_tag","embeddable":true,"href":"https:\/\/www.elregional.cl\/index.php?rest_route=%2Fwp%2Fv2%2Ftags&post=12766"}],"curies":[{"name":"wp","href":"https:\/\/api.w.org\/{rel}","templated":true}]}}