{"id":12774,"date":"2026-03-09T17:45:44","date_gmt":"2026-03-09T17:45:44","guid":{"rendered":"https:\/\/www.elregional.cl\/?p=12774"},"modified":"2026-03-09T17:45:44","modified_gmt":"2026-03-09T17:45:44","slug":"sernac-inicia-monitoreo-a-la-venta-de-melatonina-en-el-comercio-del-pais","status":"publish","type":"post","link":"https:\/\/www.elregional.cl\/?p=12774","title":{"rendered":"Sernac inicia monitoreo a la venta de melatonina en el comercio del pa\u00eds"},"content":{"rendered":"<header class=\"main-article__header | all:margin-block-end-24\">\n<figure class=\"main-article-info__author main-author-card\"><\/figure>\n<\/header>\n<div class=\"main-article__body main-layout\">\n<section class=\"main-article__content main-layout__item\">\n<div class=\"main-article__text main-article-text | js-content-post | all:margin-block-start-20 all:margin-block-end-24\">\n<p>El SERNAC inici\u00f3 un monitoreo a la<strong>\u00a0venta de melatonina en diversos comercios del pa\u00eds,<\/strong>\u00a0tras detectar su comercializaci\u00f3n en formatos de \u201cgomitas\u201d e incluso present\u00e1ndose como suplemento alimenticio natural e inocuo para el sue\u00f1o infantil, pese a que la norma exige que la adquisici\u00f3n de<strong>\u00a0este tipo de productos sea bajo receta m\u00e9dica.<\/strong><\/p>\n<p><strong>El an\u00e1lisis del Servicio considera<\/strong>, en un primer momento, la revisi\u00f3n digital de sitios web de farmacias, marketplaces y tiendas de suplementos, para verificar el ofrecimiento de melatonina pedi\u00e1trica, antecedentes que ser\u00e1n relevantes para determinar acciones posteriores.<\/p>\n<p>Adicionalmente, el organismo verificar\u00e1, en caso de ocurrir,\u00a0<strong>bajo qu\u00e9 condici\u00f3n se realiza dicha comercializaci\u00f3n.<\/strong>\u00a0Por ejemplo, si se trata de melatonina para adultos o ni\u00f1os, y si los locales exigen receta m\u00e9dica.<\/p>\n<p>Tambi\u00e9n, monitorear\u00e1 si las etiquetas del envase de los productos contienen motivos infantiles y si los productos indican que se trata de medicamentos o suplementos alimenticios.<\/p>\n<p>Es relevante destacar que la melatonina es una neurohormona end\u00f3gena producida en la gl\u00e1ndula pineal. En Chile, es un producto farmac\u00e9utico del grupo de hipn\u00f3ticos y sedantes, que seg\u00fan el Instituto de Salud P\u00fablica (ISP)<strong>\u00a0requiere de prescripci\u00f3n m\u00e9dica.<\/strong><\/p>\n<\/div>\n<\/section>\n<\/div>\n","protected":false},"excerpt":{"rendered":"<p>El SERNAC inici\u00f3 un monitoreo a la\u00a0venta de melatonina en diversos comercios del pa\u00eds,\u00a0tras detectar su comercializaci\u00f3n en formatos de \u201cgomitas\u201d e incluso present\u00e1ndose como suplemento alimenticio natural e inocuo para el sue\u00f1o infantil, pese a que la norma exige que la adquisici\u00f3n de\u00a0este tipo de productos sea bajo receta m\u00e9dica. El an\u00e1lisis del Servicio &hellip;<\/p>\n","protected":false},"author":2,"featured_media":12775,"comment_status":"closed","ping_status":"closed","sticky":false,"template":"","format":"standard","meta":{"footnotes":""},"categories":[3],"tags":[],"class_list":["post-12774","post","type-post","status-publish","format-standard","has-post-thumbnail","hentry","category-pais"],"_links":{"self":[{"href":"https:\/\/www.elregional.cl\/index.php?rest_route=\/wp\/v2\/posts\/12774","targetHints":{"allow":["GET"]}}],"collection":[{"href":"https:\/\/www.elregional.cl\/index.php?rest_route=\/wp\/v2\/posts"}],"about":[{"href":"https:\/\/www.elregional.cl\/index.php?rest_route=\/wp\/v2\/types\/post"}],"author":[{"embeddable":true,"href":"https:\/\/www.elregional.cl\/index.php?rest_route=\/wp\/v2\/users\/2"}],"replies":[{"embeddable":true,"href":"https:\/\/www.elregional.cl\/index.php?rest_route=%2Fwp%2Fv2%2Fcomments&post=12774"}],"version-history":[{"count":1,"href":"https:\/\/www.elregional.cl\/index.php?rest_route=\/wp\/v2\/posts\/12774\/revisions"}],"predecessor-version":[{"id":12776,"href":"https:\/\/www.elregional.cl\/index.php?rest_route=\/wp\/v2\/posts\/12774\/revisions\/12776"}],"wp:featuredmedia":[{"embeddable":true,"href":"https:\/\/www.elregional.cl\/index.php?rest_route=\/wp\/v2\/media\/12775"}],"wp:attachment":[{"href":"https:\/\/www.elregional.cl\/index.php?rest_route=%2Fwp%2Fv2%2Fmedia&parent=12774"}],"wp:term":[{"taxonomy":"category","embeddable":true,"href":"https:\/\/www.elregional.cl\/index.php?rest_route=%2Fwp%2Fv2%2Fcategories&post=12774"},{"taxonomy":"post_tag","embeddable":true,"href":"https:\/\/www.elregional.cl\/index.php?rest_route=%2Fwp%2Fv2%2Ftags&post=12774"}],"curies":[{"name":"wp","href":"https:\/\/api.w.org\/{rel}","templated":true}]}}