{"id":12792,"date":"2026-03-09T18:03:49","date_gmt":"2026-03-09T18:03:49","guid":{"rendered":"https:\/\/www.elregional.cl\/?p=12792"},"modified":"2026-03-09T18:06:29","modified_gmt":"2026-03-09T18:06:29","slug":"asi-se-jugara-la-septima-fecha-de-la-liga-de-primera","status":"publish","type":"post","link":"https:\/\/www.elregional.cl\/?p=12792","title":{"rendered":"As\u00ed se jugar\u00e1 la S\u00e9ptima fecha de la Liga de Primera"},"content":{"rendered":"<p>Andr\u00e9s Sandoval Z.<\/p>\n<p>La <strong>s\u00e9ptima fecha de la Liga de Primera<\/strong>\u00a02026 comenzar\u00e1 el viernes 13 de marzo cuando\u00a0<strong>Audax Italiano<\/strong>\u00a0se enfrente al elenco de\u00a0<strong>Deportes Concepci\u00f3n<\/strong>\u00a0en el\u00a0<strong>Estadio Bicentenario de La Florida<\/strong>\u00a0a las 20:00 horas.<\/p>\n<p>Uno de los duelos m\u00e1s destacados de la programaci\u00f3n es\u00a0<strong>Coquimbo Unido vs. Universidad de Chile<\/strong>\u00a0el\u00a0<strong>s\u00e1bado 14 de marzo en el norte.<\/strong><\/p>\n<div>\n<div class=\"modulo-lee\">\n<div class=\"contenedor-rotulo-seccion\">\n<div class=\"rotulo-seccion\"><\/div>\n<\/div>\n<\/div>\n<\/div>\n<p><strong>Colo Colo, que es l\u00edder, cerrar\u00e1 la fecha el pr\u00f3ximo lunes 16<\/strong>\u00a0de marzo cuando reciba a\u00a0<strong>Huachipato<\/strong>\u00a0en el\u00a0<strong>Estadio Monumental<\/strong>, en un encuentro clave para las pretensiones de ambos clubes en la parte alta de la tabla de posiciones.<\/p>\n<p><strong>Revisa la agenda de la fecha 7:<\/strong><\/p>\n<h3>Viernes 13 de marzo<\/h3>\n<ul>\n<li><strong>Audax Italiano vs. Deportes Concepci\u00f3n.<\/strong>\u00a020:00 horas. Estadio Bicentenario de La Florida.<\/li>\n<\/ul>\n<h3>S\u00e1bado 14 de marzo<\/h3>\n<ul>\n<li><strong>Coquimbo Unido vs. Universidad de Chile.<\/strong>\u00a018:00 horas. Estadio Municipal Francisco S\u00e1nchez Rumoroso.<\/li>\n<li><strong>Universidad Cat\u00f3lica vs. Everton.<\/strong>\u00a020:30 horas. Claro Arena.<\/li>\n<\/ul>\n<h3>Domingo 15 de marzo<\/h3>\n<ul>\n<li><strong>Universidad de Concepci\u00f3n vs. Palestino.<\/strong>\u00a012:00 horas. Estadio \u00abEster Roa Rebolledo\u00bb.<\/li>\n<li><strong>Cobresal vs. Deportes Limache.<\/strong>\u00a018:00 horas. Estadio El Cobre.<\/li>\n<li><strong>\u00d1ublense vs. Deportes La Serena.<\/strong>\u00a020:30 horas. Estadio Bicentenario \u00abNelson Oyarz\u00fan\u00bb.<\/li>\n<\/ul>\n<h3>Lunes 16 de marzo<\/h3>\n<ul>\n<li><strong>Uni\u00f3n La Calera vs. O&#8217;Higgins.<\/strong>\u00a018:00 horas<strong>. Estadio \u00abNicol\u00e1s Chahu\u00e1n\u00bb.<\/strong><\/li>\n<li><strong>Colo Colo vs. Huachipato.<\/strong>\u00a020:30 horas.<strong>\u00a0Estadio Monumental.<\/strong><\/li>\n<\/ul>\n","protected":false},"excerpt":{"rendered":"<p>Andr\u00e9s Sandoval Z. La s\u00e9ptima fecha de la Liga de Primera\u00a02026 comenzar\u00e1 el viernes 13 de marzo cuando\u00a0Audax Italiano\u00a0se enfrente al elenco de\u00a0Deportes Concepci\u00f3n\u00a0en el\u00a0Estadio Bicentenario de La Florida\u00a0a las 20:00 horas. Uno de los duelos m\u00e1s destacados de la programaci\u00f3n es\u00a0Coquimbo Unido vs. Universidad de Chile\u00a0el\u00a0s\u00e1bado 14 de marzo en el norte. Colo Colo, &hellip;<\/p>\n","protected":false},"author":2,"featured_media":12797,"comment_status":"closed","ping_status":"closed","sticky":false,"template":"","format":"standard","meta":{"footnotes":""},"categories":[5],"tags":[],"class_list":["post-12792","post","type-post","status-publish","format-standard","has-post-thumbnail","hentry","category-deportes"],"_links":{"self":[{"href":"https:\/\/www.elregional.cl\/index.php?rest_route=\/wp\/v2\/posts\/12792","targetHints":{"allow":["GET"]}}],"collection":[{"href":"https:\/\/www.elregional.cl\/index.php?rest_route=\/wp\/v2\/posts"}],"about":[{"href":"https:\/\/www.elregional.cl\/index.php?rest_route=\/wp\/v2\/types\/post"}],"author":[{"embeddable":true,"href":"https:\/\/www.elregional.cl\/index.php?rest_route=\/wp\/v2\/users\/2"}],"replies":[{"embeddable":true,"href":"https:\/\/www.elregional.cl\/index.php?rest_route=%2Fwp%2Fv2%2Fcomments&post=12792"}],"version-history":[{"count":1,"href":"https:\/\/www.elregional.cl\/index.php?rest_route=\/wp\/v2\/posts\/12792\/revisions"}],"predecessor-version":[{"id":12794,"href":"https:\/\/www.elregional.cl\/index.php?rest_route=\/wp\/v2\/posts\/12792\/revisions\/12794"}],"wp:featuredmedia":[{"embeddable":true,"href":"https:\/\/www.elregional.cl\/index.php?rest_route=\/wp\/v2\/media\/12797"}],"wp:attachment":[{"href":"https:\/\/www.elregional.cl\/index.php?rest_route=%2Fwp%2Fv2%2Fmedia&parent=12792"}],"wp:term":[{"taxonomy":"category","embeddable":true,"href":"https:\/\/www.elregional.cl\/index.php?rest_route=%2Fwp%2Fv2%2Fcategories&post=12792"},{"taxonomy":"post_tag","embeddable":true,"href":"https:\/\/www.elregional.cl\/index.php?rest_route=%2Fwp%2Fv2%2Ftags&post=12792"}],"curies":[{"name":"wp","href":"https:\/\/api.w.org\/{rel}","templated":true}]}}