{"id":12798,"date":"2026-03-09T18:12:08","date_gmt":"2026-03-09T18:12:08","guid":{"rendered":"https:\/\/www.elregional.cl\/?p=12798"},"modified":"2026-03-09T18:12:08","modified_gmt":"2026-03-09T18:12:08","slug":"ee-uu-reasegurara-perdidas-maritimas-en-el-golfo-por-hasta-20-000-millones-de-dolares","status":"publish","type":"post","link":"https:\/\/www.elregional.cl\/?p=12798","title":{"rendered":"EE.UU. reasegurar\u00e1 p\u00e9rdidas mar\u00edtimas en el Golfo por hasta 20.000 millones de d\u00f3lares"},"content":{"rendered":"<header class=\"entry-header\"><\/header>\n<div class=\"entry-content clearfix\">\n<p><a href=\"https:\/\/www.linkedin.com\/company\/portalportuario-cl\/\" target=\"_blank\" rel=\"noopener\"><strong>@PortalPortuario<\/strong><\/a><\/p>\n<hr \/>\n<p><strong>Estados Unidos<\/strong>\u00a0proporcionar\u00e1 reaseguro por p\u00e9rdidas de hasta 20.000 millones de d\u00f3lares en la regi\u00f3n del Golfo, lo que tiene por objetivo dar confianza a los transportistas de petr\u00f3leo y gas durante la\u00a0<strong>guerra<\/strong>\u00a0contra\u00a0<strong>Ir\u00e1n<\/strong>, seg\u00fan inform\u00f3 la\u00a0<strong>Corporaci\u00f3n Financiera de Desarrollo Internacional de Estados Unidos (DFC)<\/strong>.<\/p>\n<p><a href=\"https:\/\/portalportuario.cl\/trump-ordena-dar-seguros-contras-riesgos-y-garantias-financieras-para-comercio-maritimo-que-navega-por-el-golfo\/\" target=\"_blank\" rel=\"noopener\">El martes 3 de marzo, el\u00a0<strong>presidente Donald Trump<\/strong>\u00a0orden\u00f3 a la DFC ofrecer seguros contra riesgos pol\u00edticos y garant\u00edas financieras para el comercio mar\u00edtimo en el Golfo<\/a>, despu\u00e9s de que el tr\u00e1nsito de buques petroleros y de gas natural licuado se paralizara en el\u00a0<strong>estrecho de Ormuz<\/strong>, frente a Ir\u00e1n, por donde normalmente circula a diario el 20% del petr\u00f3leo mundial.<\/p>\n<p><a href=\"https:\/\/portalportuario.cl\/marina-de-estados-unidos-podria-escoltar-buques-a-traves-del-estrecho-de-ormuz\/\" target=\"_blank\" rel=\"noopener\">Trump tambi\u00e9n dijo que la Marina de Estados Unidos podr\u00eda escoltar buques en el Golfo,<\/a>\u00a0pero la capacidad de hacerlo no est\u00e1 clara, ya que algunos nav\u00edos de la Marina est\u00e1n llevando a cabo ataques contra Ir\u00e1n y derribando sus misiles. Adem\u00e1s, escoltar naves podr\u00eda ser riesgoso para los propios escoltas navales.<\/p>\n<p>El\u00a0<strong>secretario del Tesoro, Scott Bessent<\/strong>, declar\u00f3 a Fox Business Network que el plan de seguros, combinado con posibles escoltas navales, deber\u00eda restablecer r\u00e1pidamente el transporte mar\u00edtimo en la regi\u00f3n. \u201cNo s\u00e9 si ser\u00e1 en una semana o dos, pero estamos encaminados a resolverlo\u201d, sostuvo Bessent.<\/p>\n<p>Un experto en transporte mar\u00edtimo se\u00f1al\u00f3 que el plan podr\u00eda no ser suficiente para dar confianza a la industria energ\u00e9tica si aumentan las tensiones.<\/p>\n<p>\u201cSi la guerra sigue escalando, los \u00e1mbitos mar\u00edtimo y energ\u00e9tico continuar\u00e1n siendo escenarios para que Ir\u00e1n tome represalias\u201d, coment\u00f3\u00a0<strong>Noam Raydan, investigador s\u00e9nior del Washington Institute for Near East Policy<\/strong>.<\/p>\n<p>Raydan se\u00f1al\u00f3 que cualquier efecto de calma derivado de la cobertura podr\u00eda verse afectado si los hut\u00edes respaldados por Ir\u00e1n reanudan los ataques contra la navegaci\u00f3n en el mar Rojo. \u201cSi eso ocurre, habr\u00e1 dos puntos de estrangulamiento cr\u00edticos para el comercio mundial bajo amenaza militar. \u00bfC\u00f3mo se proteger\u00e1 la navegaci\u00f3n en ese caso?\u201d, subray\u00f3.<\/p>\n<\/div>\n","protected":false},"excerpt":{"rendered":"<p>@PortalPortuario Estados Unidos\u00a0proporcionar\u00e1 reaseguro por p\u00e9rdidas de hasta 20.000 millones de d\u00f3lares en la regi\u00f3n del Golfo, lo que tiene por objetivo dar confianza a los transportistas de petr\u00f3leo y gas durante la\u00a0guerra\u00a0contra\u00a0Ir\u00e1n, seg\u00fan inform\u00f3 la\u00a0Corporaci\u00f3n Financiera de Desarrollo Internacional de Estados Unidos (DFC). El martes 3 de marzo, el\u00a0presidente Donald Trump\u00a0orden\u00f3 a la DFC &hellip;<\/p>\n","protected":false},"author":2,"featured_media":12799,"comment_status":"closed","ping_status":"closed","sticky":false,"template":"","format":"standard","meta":{"footnotes":""},"categories":[4],"tags":[],"class_list":["post-12798","post","type-post","status-publish","format-standard","has-post-thumbnail","hentry","category-mundo"],"_links":{"self":[{"href":"https:\/\/www.elregional.cl\/index.php?rest_route=\/wp\/v2\/posts\/12798","targetHints":{"allow":["GET"]}}],"collection":[{"href":"https:\/\/www.elregional.cl\/index.php?rest_route=\/wp\/v2\/posts"}],"about":[{"href":"https:\/\/www.elregional.cl\/index.php?rest_route=\/wp\/v2\/types\/post"}],"author":[{"embeddable":true,"href":"https:\/\/www.elregional.cl\/index.php?rest_route=\/wp\/v2\/users\/2"}],"replies":[{"embeddable":true,"href":"https:\/\/www.elregional.cl\/index.php?rest_route=%2Fwp%2Fv2%2Fcomments&post=12798"}],"version-history":[{"count":1,"href":"https:\/\/www.elregional.cl\/index.php?rest_route=\/wp\/v2\/posts\/12798\/revisions"}],"predecessor-version":[{"id":12800,"href":"https:\/\/www.elregional.cl\/index.php?rest_route=\/wp\/v2\/posts\/12798\/revisions\/12800"}],"wp:featuredmedia":[{"embeddable":true,"href":"https:\/\/www.elregional.cl\/index.php?rest_route=\/wp\/v2\/media\/12799"}],"wp:attachment":[{"href":"https:\/\/www.elregional.cl\/index.php?rest_route=%2Fwp%2Fv2%2Fmedia&parent=12798"}],"wp:term":[{"taxonomy":"category","embeddable":true,"href":"https:\/\/www.elregional.cl\/index.php?rest_route=%2Fwp%2Fv2%2Fcategories&post=12798"},{"taxonomy":"post_tag","embeddable":true,"href":"https:\/\/www.elregional.cl\/index.php?rest_route=%2Fwp%2Fv2%2Ftags&post=12798"}],"curies":[{"name":"wp","href":"https:\/\/api.w.org\/{rel}","templated":true}]}}