{"id":12807,"date":"2026-03-09T18:23:21","date_gmt":"2026-03-09T18:23:21","guid":{"rendered":"https:\/\/www.elregional.cl\/?p=12807"},"modified":"2026-03-09T18:23:21","modified_gmt":"2026-03-09T18:23:21","slug":"juzgado-de-garantia-de-coquimbo-ordena-la-prision-preventiva-de-medico-por-emision-de-11-880-licencias-fraudulentas","status":"publish","type":"post","link":"https:\/\/www.elregional.cl\/?p=12807","title":{"rendered":"Juzgado de Garant\u00eda de Coquimbo ordena la prisi\u00f3n preventiva de m\u00e9dico por emisi\u00f3n de 11.880 licencias fraudulentas"},"content":{"rendered":"<div class=\"td-post-header\">\n<header class=\"td-post-title\">\n<div class=\"td-module-meta-info\"><\/div>\n<\/header>\n<\/div>\n<div class=\"td-post-content\">\n<div class=\"td-post-sharing td-post-sharing-top\">\n<div class=\"td-default-sharing\"><i class=\"td-icon-facebook\"><\/i>\u00a0<i class=\"td-icon-twitter\"><\/i>\u00a0<i class=\"td-icon-googleplus\"><\/i>\u00a0<i class=\"td-icon-pinterest\"><\/i>\u00a0<i class=\"td-icon-whatsapp\"><\/i><\/div>\n<\/div>\n<p><em><strong>El Juzgado de Garant\u00eda de Coquimbo dej\u00f3 sujeto a la medida cautelar de prisi\u00f3n preventiva a L.R.C.Z., m\u00e9dico cirujano ecuatoriano imputado por el Ministerio P\u00fablico como autor de los delitos reiterados de emisi\u00f3n de licencias m\u00e9dicas fraudulentas y fraude de subvenciones. Il\u00edcitos perpetrados entre enero de 2023 y junio de 2025, en la comuna.<\/strong><\/em><\/p>\n<p>En la audiencia de formalizaci\u00f3n, el magistrado Dar\u00edo D\u00edaz Pe\u00f1a y Lillo orden\u00f3 el ingreso en prisi\u00f3n del facultativo por riesgo de fuga sin cauci\u00f3n (fianza). Adem\u00e1s, fij\u00f3 en 120 d\u00edas el plazo de investigaci\u00f3n.<\/p>\n<p>Seg\u00fan el ente persecutor, al menos entre el 1 de enero de 2023 y hasta el 5 de junio de 2025, el imputado, m\u00e9dico general sin especialidad registrada en el registro de prestadores individuales de la Superintendencia de Salud, emiti\u00f3 un total de 11.880 licencias m\u00e9dicas electr\u00f3nicas a trav\u00e9s de los operadores I-Med y Medipass, tanto para afiliados a Fonasa (11.239) como isapres (935), bajo su nombre como prestador individual y tambi\u00e9n a trav\u00e9s del centro de salud Surm\u00e9dica SpA, creado por el imputado y su madre, con domicilio en la comuna de Coquimbo.<\/p>\n<p>Del total de licencias m\u00e9dicas electr\u00f3nicas emitidas, 275 fueron emitidas en forma presencial y 11.065 de manera remota, constituy\u00e9ndose el imputado en el mayor emisor de licencias m\u00e9dicas a nivel nacional, en 2024. El mayor porcentaje de licencias corresponde a diagn\u00f3sticos de patolog\u00edas mentales y enfermedades osteomusculares, lo que contrasta con el hecho de que el imputado no tiene especialidad m\u00e9dica alguna.<\/p>\n<p>En dicho contexto, el imputado emiti\u00f3 36 licencias m\u00e9dicas a 34 funcionarios p\u00fablicos que viajaron al extranjero durante los d\u00edas de reposo; y otras seis licencias a funcionarios p\u00fablicos que asistieron a casinos de juegos.<\/p>\n<p>Del total de licencias otorgadas por el imputado a pacientes Fonasa, 10.741 fueron tramitadas, generando un pago de subsidio por incapacidad laboral improcedente por $4.639.802.932.<\/p>\n<p>Al resolver la privaci\u00f3n de libertad del imputado, el magistrado D\u00edaz Pe\u00f1a y Lillo dio por acreditada la existencia del delito.<\/p>\n<p>\u201cPor qu\u00e9 digo que se encuentra acreditado; b\u00e1sicamente por lo que el fiscal ha sustentado en su imputaci\u00f3n, que es el n\u00famero de licencias que el imputado emiti\u00f3, las circunstancias en que aparentemente se habr\u00edan extendido, el n\u00famero de atenciones diarias, los promedios mensuales, los horarios de emisi\u00f3n de estas licencias m\u00e9dicas; eso por cierto es\u00a0un antecedente demasiado contundente que me permite, por ahora, tener por configurado la letra a) del art\u00edculo 140\u201d, razona el juez.<\/p>\n<p>En cuanto a la necesidad de cautela, agrega que: \u201cSabemos que existen problemas para los controles migratorios en este pa\u00eds y el hecho que el imputado haya sido sorprendido \u2013no estoy diciendo de que sea con \u00e1nimo de evadir control\u2013, pero s\u00ed es un hecho objetivo que \u00e9l pretend\u00eda salir del pa\u00eds. Me parece que pudiese existir una posibilidad de fuga, as\u00ed que voy a dictar la prisi\u00f3n preventiva por peligro de fuga del imputado\u201d.<\/p>\n<\/div>\n","protected":false},"excerpt":{"rendered":"<p>\u00a0\u00a0\u00a0\u00a0 El Juzgado de Garant\u00eda de Coquimbo dej\u00f3 sujeto a la medida cautelar de prisi\u00f3n preventiva a L.R.C.Z., m\u00e9dico cirujano ecuatoriano imputado por el Ministerio P\u00fablico como autor de los delitos reiterados de emisi\u00f3n de licencias m\u00e9dicas fraudulentas y fraude de subvenciones. Il\u00edcitos perpetrados entre enero de 2023 y junio de 2025, en la comuna. &hellip;<\/p>\n","protected":false},"author":2,"featured_media":12808,"comment_status":"closed","ping_status":"closed","sticky":false,"template":"","format":"standard","meta":{"footnotes":""},"categories":[2],"tags":[],"class_list":["post-12807","post","type-post","status-publish","format-standard","has-post-thumbnail","hentry","category-regionales"],"_links":{"self":[{"href":"https:\/\/www.elregional.cl\/index.php?rest_route=\/wp\/v2\/posts\/12807","targetHints":{"allow":["GET"]}}],"collection":[{"href":"https:\/\/www.elregional.cl\/index.php?rest_route=\/wp\/v2\/posts"}],"about":[{"href":"https:\/\/www.elregional.cl\/index.php?rest_route=\/wp\/v2\/types\/post"}],"author":[{"embeddable":true,"href":"https:\/\/www.elregional.cl\/index.php?rest_route=\/wp\/v2\/users\/2"}],"replies":[{"embeddable":true,"href":"https:\/\/www.elregional.cl\/index.php?rest_route=%2Fwp%2Fv2%2Fcomments&post=12807"}],"version-history":[{"count":1,"href":"https:\/\/www.elregional.cl\/index.php?rest_route=\/wp\/v2\/posts\/12807\/revisions"}],"predecessor-version":[{"id":12809,"href":"https:\/\/www.elregional.cl\/index.php?rest_route=\/wp\/v2\/posts\/12807\/revisions\/12809"}],"wp:featuredmedia":[{"embeddable":true,"href":"https:\/\/www.elregional.cl\/index.php?rest_route=\/wp\/v2\/media\/12808"}],"wp:attachment":[{"href":"https:\/\/www.elregional.cl\/index.php?rest_route=%2Fwp%2Fv2%2Fmedia&parent=12807"}],"wp:term":[{"taxonomy":"category","embeddable":true,"href":"https:\/\/www.elregional.cl\/index.php?rest_route=%2Fwp%2Fv2%2Fcategories&post=12807"},{"taxonomy":"post_tag","embeddable":true,"href":"https:\/\/www.elregional.cl\/index.php?rest_route=%2Fwp%2Fv2%2Ftags&post=12807"}],"curies":[{"name":"wp","href":"https:\/\/api.w.org\/{rel}","templated":true}]}}