{"id":12821,"date":"2026-03-09T21:05:43","date_gmt":"2026-03-09T21:05:43","guid":{"rendered":"https:\/\/www.elregional.cl\/?p=12821"},"modified":"2026-03-09T21:05:43","modified_gmt":"2026-03-09T21:05:43","slug":"el-petroleo-rompio-la-barrera-de-los-100-dolares","status":"publish","type":"post","link":"https:\/\/www.elregional.cl\/?p=12821","title":{"rendered":"El petr\u00f3leo rompi\u00f3 la barrera de los 100 d\u00f3lares"},"content":{"rendered":"<h1 class=\"titular titular-multimedia\"><\/h1>\n<div class=\"contenedor-datos\">\n<div class=\"fecha-publicacion\">\n<div><a href=\"https:\/\/m-cooperativa-cl.cdn.ampproject.org\/v\/s\/m.cooperativa.cl\/noticias\/site\/artic\/20260308\/pags-amp\/20260308205424.html?amp_js_v=0.1&amp;usqp=mq331AQIUAKwASCAAgM=\" target=\"_top\">\u00a0EFE<\/a><\/div>\n<\/div>\n<\/div>\n<div class=\"contenedor-bajada\">\n<div class=\"texto-bajada\">\n<p>Tras una semana de la guerra de EE.UU. e Israel contra Ir\u00e1n, el precio del crudo alcanz\u00f3 m\u00e1ximos que no se registraban desde 2022.<\/p>\n<p>No obstante, el republicano asever\u00f3 que el costo \u00abcaer\u00e1 r\u00e1pidamente cuando la destrucci\u00f3n de la amenaza nuclear se acabe\u00bb.<\/p>\n<\/div>\n<\/div>\n<div class=\"contenedor-credito\">\n<p>El precio del Brent, referente global del crudo, rebas\u00f3 los 105 d\u00f3lares este domingo.<\/p>\n<\/div>\n<div class=\"contenedor-compartir\">\n<div class=\"contenedor-datos\"><\/div>\n<\/div>\n<div class=\"contenedor-cuerpo\">\n<div class=\"texto-bajada\">\n<div class=\"cuerpo-articulo \">\n<div class=\"cuerpo-ad\">\n<p>El precio del<strong>\u00a0petr\u00f3leo intermedio de Texas<\/strong>\u00a0(WTI, por sus siglas en ingl\u00e9s) super\u00f3 este domingo los\u00a0<strong>100 d\u00f3lares por barril, por primera vez desde 2022<\/strong>, tras cumplirse una semana de la guerra de Estados Unidos en Ir\u00e1n, mientras el presidente<strong>\u00a0Donald Trump<\/strong>\u00a0reconoci\u00f3 que \u00abes un peque\u00f1o precio\u00bb que hay que pagar.<\/p>\n<p><strong>Los futuros del WTI alcanzaron casi los 110 d\u00f3lares<\/strong>\u00a0este domingo, mientras que el precio del\u00a0<strong>Brent, referente global del crudo, rebas\u00f3 los 105 d\u00f3lares<\/strong>, lo que analistas consideran una se\u00f1al de preocupaci\u00f3n por el creciente conflicto en el Estrecho de Ormuz, por donde pasa la quinta parte del crudo global.<\/p>\n<p>\u00abLos precios del Brent se elevaron tanto como\u00a0<strong>15% a m\u00e1s de 100 d\u00f3lares por barril<\/strong>\u00a0despu\u00e9s de que productores l\u00edderes del Oriente Medio recortaron la producci\u00f3n porque el crucial\u00a0<strong><a href=\"https:\/\/cooperativa.cl\/noticias\/mundo\/iran\/relaciones-exteriores\/crisis-regional-duplica-los-costes-de-transporte-maritimo-entre-golfo\/2026-03-04\/145950.html\" target=\"_top\">Estrecho de Ormuz permanece cerrado debido a la guerra de Ir\u00e1n<\/a>\u00ab<\/strong>, indic\u00f3 un reporte de\u00a0<a href=\"https:\/\/tradingeconomics.com\/\" target=\"_blank\" rel=\"noopener\"><em>Trading Economics<\/em><\/a>.<\/p>\n<p><strong>Trump<\/strong>\u00a0reaccion\u00f3 minutos despu\u00e9s de trascender la subida de los costos con un mensaje en<strong>\u00a0TruthSocial.<\/strong><\/p>\n<p>\u00abLos precios a corto plazo del petr\u00f3leo, que caer\u00e1n r\u00e1pidamente cuando la destrucci\u00f3n de la amenaza nuclear de Ir\u00e1n se acabe,\u00a0<strong>es un muy peque\u00f1o precio que hay que pagar para Estados Unidos y el mundo, la seguridad y la paz<\/strong>. \u00a1SOLO LOS TONTOS PENSAR\u00cdAN DIFERENTE!\u00bb, escribi\u00f3 el mandatario.<\/p>\n<\/div>\n<\/div>\n<\/div>\n<\/div>\n","protected":false},"excerpt":{"rendered":"<p>\u00a0EFE Tras una semana de la guerra de EE.UU. e Israel contra Ir\u00e1n, el precio del crudo alcanz\u00f3 m\u00e1ximos que no se registraban desde 2022. No obstante, el republicano asever\u00f3 que el costo \u00abcaer\u00e1 r\u00e1pidamente cuando la destrucci\u00f3n de la amenaza nuclear se acabe\u00bb. El precio del Brent, referente global del crudo, rebas\u00f3 los 105 &hellip;<\/p>\n","protected":false},"author":2,"featured_media":12822,"comment_status":"closed","ping_status":"closed","sticky":false,"template":"","format":"standard","meta":{"footnotes":""},"categories":[4,3],"tags":[],"class_list":["post-12821","post","type-post","status-publish","format-standard","has-post-thumbnail","hentry","category-mundo","category-pais"],"_links":{"self":[{"href":"https:\/\/www.elregional.cl\/index.php?rest_route=\/wp\/v2\/posts\/12821","targetHints":{"allow":["GET"]}}],"collection":[{"href":"https:\/\/www.elregional.cl\/index.php?rest_route=\/wp\/v2\/posts"}],"about":[{"href":"https:\/\/www.elregional.cl\/index.php?rest_route=\/wp\/v2\/types\/post"}],"author":[{"embeddable":true,"href":"https:\/\/www.elregional.cl\/index.php?rest_route=\/wp\/v2\/users\/2"}],"replies":[{"embeddable":true,"href":"https:\/\/www.elregional.cl\/index.php?rest_route=%2Fwp%2Fv2%2Fcomments&post=12821"}],"version-history":[{"count":1,"href":"https:\/\/www.elregional.cl\/index.php?rest_route=\/wp\/v2\/posts\/12821\/revisions"}],"predecessor-version":[{"id":12823,"href":"https:\/\/www.elregional.cl\/index.php?rest_route=\/wp\/v2\/posts\/12821\/revisions\/12823"}],"wp:featuredmedia":[{"embeddable":true,"href":"https:\/\/www.elregional.cl\/index.php?rest_route=\/wp\/v2\/media\/12822"}],"wp:attachment":[{"href":"https:\/\/www.elregional.cl\/index.php?rest_route=%2Fwp%2Fv2%2Fmedia&parent=12821"}],"wp:term":[{"taxonomy":"category","embeddable":true,"href":"https:\/\/www.elregional.cl\/index.php?rest_route=%2Fwp%2Fv2%2Fcategories&post=12821"},{"taxonomy":"post_tag","embeddable":true,"href":"https:\/\/www.elregional.cl\/index.php?rest_route=%2Fwp%2Fv2%2Ftags&post=12821"}],"curies":[{"name":"wp","href":"https:\/\/api.w.org\/{rel}","templated":true}]}}