{"id":12825,"date":"2026-03-09T21:09:59","date_gmt":"2026-03-09T21:09:59","guid":{"rendered":"https:\/\/www.elregional.cl\/?p=12825"},"modified":"2026-03-09T21:09:59","modified_gmt":"2026-03-09T21:09:59","slug":"vicuna-inicia-estrategia-de-vacunacion-e-inmunizacion-2026","status":"publish","type":"post","link":"https:\/\/www.elregional.cl\/?p=12825","title":{"rendered":"Vicu\u00f1a inicia Estrategia de Vacunaci\u00f3n e Inmunizaci\u00f3n 2026"},"content":{"rendered":"<div class=\"td-post-header\">\n<header class=\"td-post-title\">\n<h1 class=\"entry-title\"><\/h1>\n<\/header>\n<\/div>\n<div class=\"td-post-content\">\n<div class=\"td-post-sharing-top\">\n<div id=\"td_social_sharing_article_top\" class=\"td-post-sharing td-ps-bg td-ps-notext td-post-sharing-style1 \">\n<div class=\"td-post-sharing-visible\">\n<div class=\"td-social-but-icon\"><\/div>\n<\/div>\n<\/div>\n<\/div>\n<p><strong>Las autoridades realizaron un llamado a la comunidad a participar de manera oportuna en esta campa\u00f1a preventiva.<\/strong><\/p>\n<p><span id=\"more-206339\"><\/span>Con una actividad realizada en la plaza Gabriela Mistral, la\u00a0<a title=\"comuna de Vicu\u00f1a\" href=\"https:\/\/munivicuna.cl\/\" target=\"_blank\" rel=\"noopener nofollow\">comuna de Vicu\u00f1a<\/a>\u00a0dio inicio oficial a la Estrategia de Vacunaci\u00f3n e Inmunizaci\u00f3n 2026, iniciativa impulsada por el\u00a0<a title=\"Ministerio de Salud\" href=\"https:\/\/www.minsal.cl\/\" target=\"_blank\" rel=\"noopener nofollow\">Ministerio de Salud<\/a>\u00a0que considera la vacunaci\u00f3n contra la influenza, la protecci\u00f3n contra el COVID-19 y la inmunizaci\u00f3n de lactantes frente al Virus Respiratorio Sincicial (VRS).<\/p>\n<p>El lanzamiento cont\u00f3 con la presencia de autoridades comunales y de salud, quienes realizaron un llamado a la comunidad a participar de manera oportuna en esta campa\u00f1a preventiva, especialmente los grupos de mayor riesgo.<\/p>\n<p>El\u00a0<a title=\"Ministerio de Salud\" href=\"https:\/\/www.minsal.cl\/\" target=\"_blank\" rel=\"noopener nofollow\">Ministerio de Salud<\/a>\u00a0adelant\u00f3 el inicio de la campa\u00f1a al domingo 1 de marzo, con el objetivo de que la poblaci\u00f3n m\u00e1s vulnerable est\u00e9 protegida antes del inicio del invierno, per\u00edodo en el que aumenta la circulaci\u00f3n de virus respiratorios.<\/p>\n<p>Desde el Departamento de Salud Municipal explicaron que la vacunaci\u00f3n contra la influenza busca mejorar las coberturas alcanzadas el a\u00f1o pasado. Durante 2025 se registr\u00f3 un 78,7% de cobertura a nivel nacional y un 74,84% en la regi\u00f3n, cifras que estuvieron por debajo de la meta del 85% establecida por la autoridad sanitaria<\/p>\n<\/div>\n","protected":false},"excerpt":{"rendered":"<p>Las autoridades realizaron un llamado a la comunidad a participar de manera oportuna en esta campa\u00f1a preventiva. Con una actividad realizada en la plaza Gabriela Mistral, la\u00a0comuna de Vicu\u00f1a\u00a0dio inicio oficial a la Estrategia de Vacunaci\u00f3n e Inmunizaci\u00f3n 2026, iniciativa impulsada por el\u00a0Ministerio de Salud\u00a0que considera la vacunaci\u00f3n contra la influenza, la protecci\u00f3n contra el &hellip;<\/p>\n","protected":false},"author":2,"featured_media":12826,"comment_status":"closed","ping_status":"closed","sticky":false,"template":"","format":"standard","meta":{"footnotes":""},"categories":[2],"tags":[],"class_list":["post-12825","post","type-post","status-publish","format-standard","has-post-thumbnail","hentry","category-regionales"],"_links":{"self":[{"href":"https:\/\/www.elregional.cl\/index.php?rest_route=\/wp\/v2\/posts\/12825","targetHints":{"allow":["GET"]}}],"collection":[{"href":"https:\/\/www.elregional.cl\/index.php?rest_route=\/wp\/v2\/posts"}],"about":[{"href":"https:\/\/www.elregional.cl\/index.php?rest_route=\/wp\/v2\/types\/post"}],"author":[{"embeddable":true,"href":"https:\/\/www.elregional.cl\/index.php?rest_route=\/wp\/v2\/users\/2"}],"replies":[{"embeddable":true,"href":"https:\/\/www.elregional.cl\/index.php?rest_route=%2Fwp%2Fv2%2Fcomments&post=12825"}],"version-history":[{"count":1,"href":"https:\/\/www.elregional.cl\/index.php?rest_route=\/wp\/v2\/posts\/12825\/revisions"}],"predecessor-version":[{"id":12827,"href":"https:\/\/www.elregional.cl\/index.php?rest_route=\/wp\/v2\/posts\/12825\/revisions\/12827"}],"wp:featuredmedia":[{"embeddable":true,"href":"https:\/\/www.elregional.cl\/index.php?rest_route=\/wp\/v2\/media\/12826"}],"wp:attachment":[{"href":"https:\/\/www.elregional.cl\/index.php?rest_route=%2Fwp%2Fv2%2Fmedia&parent=12825"}],"wp:term":[{"taxonomy":"category","embeddable":true,"href":"https:\/\/www.elregional.cl\/index.php?rest_route=%2Fwp%2Fv2%2Fcategories&post=12825"},{"taxonomy":"post_tag","embeddable":true,"href":"https:\/\/www.elregional.cl\/index.php?rest_route=%2Fwp%2Fv2%2Ftags&post=12825"}],"curies":[{"name":"wp","href":"https:\/\/api.w.org\/{rel}","templated":true}]}}