{"id":12841,"date":"2026-03-10T20:24:12","date_gmt":"2026-03-10T20:24:12","guid":{"rendered":"https:\/\/www.elregional.cl\/?p=12841"},"modified":"2026-03-10T20:24:12","modified_gmt":"2026-03-10T20:24:12","slug":"apoderados-denuncian-abuso-sexual-a-nino-de-7-anos-en-colegio-americano-en-la-serena","status":"publish","type":"post","link":"https:\/\/www.elregional.cl\/?p=12841","title":{"rendered":"Apoderados denuncian abuso sexual a ni\u00f1o de 7 a\u00f1os en Colegio Americano en La Serena"},"content":{"rendered":"<div class=\"et_pb_module et_pb_post_title et_pb_post_title_0_tb_body et_pb_bg_layout_light  et_pb_text_align_left\">\n<div class=\"et_pb_title_container\">\n<h1 class=\"entry-title\"><\/h1>\n<\/div>\n<\/div>\n<div class=\"et_pb_module et_pb_text et_pb_text_1_tb_body  et_pb_text_align_left et_pb_bg_layout_light\">\n<div class=\"et_pb_text_inner\">Un grave hecho fue denunciado este martes en el Colegio Americano, ubicado en el sector Las Compa\u00f1\u00edas, en La Serena; luego de que se denunciara el presunto abuso de un ni\u00f1o de 7 a\u00f1os al interior del establecimiento.<\/div>\n<\/div>\n<p>&nbsp;<\/p>\n<div class=\"et_pb_module et_pb_post_content et_pb_post_content_0_tb_body\">\n<p>De acuerdo con los primeros antecedentes de la denuncia, el menor habr\u00eda sido encerrado en un ba\u00f1o por tres estudiantes de entre 12 y 13 a\u00f1os, instancia en la que se habr\u00eda producido la agresi\u00f3n.<\/p>\n<p>Pese a la gravedad de la denuncia, el establecimiento no suspendi\u00f3 las clases durante la jornada y emiti\u00f3 un comunicado en el que solicitan que no se divulgue la informaci\u00f3n sin antes ellos investigar sobre los hechos.<\/p>\n<p>Hasta el lugar lleg\u00f3 personal de Carabineros solicitado por los trabajadores del colegio para controlar la situaci\u00f3n.<\/p>\n<p>Cabe recordar que el establecimiento ya hab\u00eda enfrentado una situaci\u00f3n judicial en 2020, cuando debi\u00f3 indemnizar con cerca de 5 millones de pesos a la familia de un estudiante tras un caso de bullying ocurrido en el colegio.<\/p>\n<p>El caso se mantiene en desarrollo.<\/p>\n<\/div>\n","protected":false},"excerpt":{"rendered":"<p>Un grave hecho fue denunciado este martes en el Colegio Americano, ubicado en el sector Las Compa\u00f1\u00edas, en La Serena; luego de que se denunciara el presunto abuso de un ni\u00f1o de 7 a\u00f1os al interior del establecimiento. &nbsp; De acuerdo con los primeros antecedentes de la denuncia, el menor habr\u00eda sido encerrado en un &hellip;<\/p>\n","protected":false},"author":2,"featured_media":12842,"comment_status":"closed","ping_status":"closed","sticky":false,"template":"","format":"standard","meta":{"footnotes":""},"categories":[2],"tags":[],"class_list":["post-12841","post","type-post","status-publish","format-standard","has-post-thumbnail","hentry","category-regionales"],"_links":{"self":[{"href":"https:\/\/www.elregional.cl\/index.php?rest_route=\/wp\/v2\/posts\/12841","targetHints":{"allow":["GET"]}}],"collection":[{"href":"https:\/\/www.elregional.cl\/index.php?rest_route=\/wp\/v2\/posts"}],"about":[{"href":"https:\/\/www.elregional.cl\/index.php?rest_route=\/wp\/v2\/types\/post"}],"author":[{"embeddable":true,"href":"https:\/\/www.elregional.cl\/index.php?rest_route=\/wp\/v2\/users\/2"}],"replies":[{"embeddable":true,"href":"https:\/\/www.elregional.cl\/index.php?rest_route=%2Fwp%2Fv2%2Fcomments&post=12841"}],"version-history":[{"count":1,"href":"https:\/\/www.elregional.cl\/index.php?rest_route=\/wp\/v2\/posts\/12841\/revisions"}],"predecessor-version":[{"id":12843,"href":"https:\/\/www.elregional.cl\/index.php?rest_route=\/wp\/v2\/posts\/12841\/revisions\/12843"}],"wp:featuredmedia":[{"embeddable":true,"href":"https:\/\/www.elregional.cl\/index.php?rest_route=\/wp\/v2\/media\/12842"}],"wp:attachment":[{"href":"https:\/\/www.elregional.cl\/index.php?rest_route=%2Fwp%2Fv2%2Fmedia&parent=12841"}],"wp:term":[{"taxonomy":"category","embeddable":true,"href":"https:\/\/www.elregional.cl\/index.php?rest_route=%2Fwp%2Fv2%2Fcategories&post=12841"},{"taxonomy":"post_tag","embeddable":true,"href":"https:\/\/www.elregional.cl\/index.php?rest_route=%2Fwp%2Fv2%2Ftags&post=12841"}],"curies":[{"name":"wp","href":"https:\/\/api.w.org\/{rel}","templated":true}]}}