{"id":12846,"date":"2026-03-10T20:28:51","date_gmt":"2026-03-10T20:28:51","guid":{"rendered":"https:\/\/www.elregional.cl\/?p=12846"},"modified":"2026-03-10T20:28:51","modified_gmt":"2026-03-10T20:28:51","slug":"golpe-en-la-u-francisco-meneghini-deja-la-banca-tras-71-dias-como-entrenador","status":"publish","type":"post","link":"https:\/\/www.elregional.cl\/?p=12846","title":{"rendered":"Golpe en la U: Francisco Meneghini deja la banca tras 71 d\u00edas como entrenador"},"content":{"rendered":"<header class=\"main-article__header | all:margin-block-end-24\">\n<h1 class=\"main-article__title\"><\/h1>\n<figure class=\"main-article-info__author main-author-card\"><a class=\"main-author-card__media\" href=\"https:\/\/www.radioagricultura.cl\/autor\/franciscaborquez\/\" data-has-event-static=\"1\"><img loading=\"lazy\" decoding=\"async\" class=\"main-author-card__image | u-aspect-ratio\" src=\"https:\/\/assets.radioagricultura.cl\/avatar-default.png\" alt=\"Francisca B\u00f3rquez\" width=\"55\" height=\"55\" \/><\/a><figcaption class=\"main-author-card__caption\"><\/figcaption><\/figure>\n<\/header>\n<div class=\"main-article__body main-layout\">\n<section class=\"main-article__content main-layout__item\">\n<div class=\"main-article__media main-article-media | u-mobile-negative-margin\">\n<footer class=\"main-article-media__footer | all:margin-block-start-12\"><\/footer>\n<\/div>\n<div class=\"main-article__text main-article-text | js-content-post | all:margin-block-start-20 all:margin-block-end-24\">\n<p data-start=\"354\" data-end=\"654\">Un nuevo cambio se produjo en\u00a0<strong data-start=\"384\" data-end=\"425\"><span class=\"hover:entity-accent entity-underline inline cursor-pointer align-baseline\"><span class=\"whitespace-normal\">Universidad de Chile<\/span><\/span><\/strong>\u00a0luego de que la dirigencia de\u00a0<strong data-start=\"456\" data-end=\"497\"><span class=\"hover:entity-accent entity-underline inline cursor-pointer align-baseline\"><span class=\"whitespace-normal\">Azul Azul<\/span><\/span><\/strong>\u00a0decidiera poner fin al ciclo del entrenador\u00a0<strong data-start=\"542\" data-end=\"583\"><span class=\"hover:entity-accent entity-underline inline cursor-pointer align-baseline\"><span class=\"whitespace-normal\">Francisco \u201cPaqui\u201d Meneghini<\/span><\/span><\/strong>, quien dej\u00f3 la banca del equipo tras apenas\u00a0<strong data-start=\"628\" data-end=\"651\">71 d\u00edas en el cargo<\/strong>.<\/p>\n<p data-start=\"656\" data-end=\"885\">La determinaci\u00f3n se produjo luego del\u00a0<strong data-start=\"694\" data-end=\"755\">empate 1-1 frente a\u00a0<span class=\"hover:entity-accent entity-underline inline cursor-pointer align-baseline\"><span class=\"whitespace-normal\">Universidad de Concepci\u00f3n<\/span><\/span><\/strong>\u00a0en el\u00a0<strong data-start=\"762\" data-end=\"785\">Campeonato Nacional<\/strong>, resultado que termin\u00f3 marcando el final del breve proceso del t\u00e9cnico al mando del plantel azul.<\/p>\n<p data-start=\"887\" data-end=\"1073\"><strong>Meneghini<\/strong>\u00a0hab\u00eda asumido la direcci\u00f3n t\u00e9cnica del equipo en reemplazo de\u00a0<strong data-start=\"959\" data-end=\"1000\"><span class=\"hover:entity-accent entity-underline inline cursor-pointer align-baseline\"><span class=\"whitespace-normal\">Gustavo \u00c1lvarez<\/span><\/span><\/strong>, en medio de una etapa de cambios en la conducci\u00f3n deportiva del club.<\/p>\n<h2 data-section-id=\"c7rlpl\" data-start=\"1075\" data-end=\"1122\">El breve paso de Meneghini por la banca azul<\/h2>\n<p data-start=\"1124\" data-end=\"1428\">Durante su corto periodo en el cargo, el entrenador protagoniz\u00f3 uno de los momentos destacados de su gesti\u00f3n con\u00a0<strong data-start=\"1237\" data-end=\"1329\">la victoria por 1-0 sobre\u00a0<span class=\"hover:entity-accent entity-underline inline cursor-pointer align-baseline\"><span class=\"whitespace-normal\">Colo-Colo<\/span><\/span>\u00a0en el Estadio Monumental<\/strong>, resultado que qued\u00f3 registrado como uno de los triunfos m\u00e1s relevantes del equipo en ese lapso.<\/p>\n<p data-start=\"1430\" data-end=\"1667\">Sin embargo, el proceso tambi\u00e9n estuvo marcado por resultados adversos, entre ellos\u00a0<strong data-start=\"1514\" data-end=\"1605\">la eliminaci\u00f3n temprana en la fase nacional de la\u00a0<span class=\"hover:entity-accent entity-underline inline cursor-pointer align-baseline\"><span class=\"whitespace-normal\">Copa Sudamericana<\/span><\/span><\/strong>, situaci\u00f3n que impact\u00f3 en la evaluaci\u00f3n del cuerpo t\u00e9cnico.<\/p>\n<p data-start=\"1669\" data-end=\"1846\">En t\u00e9rminos estad\u00edsticos, Meneghini cerr\u00f3 su etapa al frente del equipo con\u00a0<strong data-start=\"1745\" data-end=\"1773\">siete partidos dirigidos<\/strong>, registro que incluy\u00f3\u00a0<strong data-start=\"1796\" data-end=\"1843\">una victoria, cuatro empates y dos derrotas<\/strong>.<\/p>\n<p data-start=\"1848\" data-end=\"2056\">Ese desempe\u00f1o dej\u00f3 al entrenador con\u00a0<strong data-start=\"1885\" data-end=\"1913\">un rendimiento del 33,3%<\/strong>, cifra que coincide con la marca que en su momento registr\u00f3\u00a0<strong data-start=\"1974\" data-end=\"2015\"><span class=\"hover:entity-accent entity-underline inline cursor-pointer align-baseline\"><span class=\"whitespace-normal\">Sebasti\u00e1n Beccacece<\/span><\/span><\/strong>\u00a0durante su paso por la banca del club.<\/p>\n<p data-start=\"2058\" data-end=\"2247\">Con esta decisi\u00f3n,\u00a0<strong data-start=\"2077\" data-end=\"2170\">Universidad de Chile vuelve a iniciar un proceso de reestructuraci\u00f3n en su cuerpo t\u00e9cnico<\/strong>, tras el t\u00e9rmino del ciclo de Meneghini al frente del plantel profesional.<\/p>\n<\/div>\n<\/section>\n<\/div>\n","protected":false},"excerpt":{"rendered":"<p>Un nuevo cambio se produjo en\u00a0Universidad de Chile\u00a0luego de que la dirigencia de\u00a0Azul Azul\u00a0decidiera poner fin al ciclo del entrenador\u00a0Francisco \u201cPaqui\u201d Meneghini, quien dej\u00f3 la banca del equipo tras apenas\u00a071 d\u00edas en el cargo. La determinaci\u00f3n se produjo luego del\u00a0empate 1-1 frente a\u00a0Universidad de Concepci\u00f3n\u00a0en el\u00a0Campeonato Nacional, resultado que termin\u00f3 marcando el final del breve &hellip;<\/p>\n","protected":false},"author":2,"featured_media":12847,"comment_status":"closed","ping_status":"closed","sticky":false,"template":"","format":"standard","meta":{"footnotes":""},"categories":[5],"tags":[],"class_list":["post-12846","post","type-post","status-publish","format-standard","has-post-thumbnail","hentry","category-deportes"],"_links":{"self":[{"href":"https:\/\/www.elregional.cl\/index.php?rest_route=\/wp\/v2\/posts\/12846","targetHints":{"allow":["GET"]}}],"collection":[{"href":"https:\/\/www.elregional.cl\/index.php?rest_route=\/wp\/v2\/posts"}],"about":[{"href":"https:\/\/www.elregional.cl\/index.php?rest_route=\/wp\/v2\/types\/post"}],"author":[{"embeddable":true,"href":"https:\/\/www.elregional.cl\/index.php?rest_route=\/wp\/v2\/users\/2"}],"replies":[{"embeddable":true,"href":"https:\/\/www.elregional.cl\/index.php?rest_route=%2Fwp%2Fv2%2Fcomments&post=12846"}],"version-history":[{"count":1,"href":"https:\/\/www.elregional.cl\/index.php?rest_route=\/wp\/v2\/posts\/12846\/revisions"}],"predecessor-version":[{"id":12848,"href":"https:\/\/www.elregional.cl\/index.php?rest_route=\/wp\/v2\/posts\/12846\/revisions\/12848"}],"wp:featuredmedia":[{"embeddable":true,"href":"https:\/\/www.elregional.cl\/index.php?rest_route=\/wp\/v2\/media\/12847"}],"wp:attachment":[{"href":"https:\/\/www.elregional.cl\/index.php?rest_route=%2Fwp%2Fv2%2Fmedia&parent=12846"}],"wp:term":[{"taxonomy":"category","embeddable":true,"href":"https:\/\/www.elregional.cl\/index.php?rest_route=%2Fwp%2Fv2%2Fcategories&post=12846"},{"taxonomy":"post_tag","embeddable":true,"href":"https:\/\/www.elregional.cl\/index.php?rest_route=%2Fwp%2Fv2%2Ftags&post=12846"}],"curies":[{"name":"wp","href":"https:\/\/api.w.org\/{rel}","templated":true}]}}