{"id":12854,"date":"2026-03-11T11:41:59","date_gmt":"2026-03-11T11:41:59","guid":{"rendered":"https:\/\/www.elregional.cl\/?p=12854"},"modified":"2026-03-11T11:41:59","modified_gmt":"2026-03-11T11:41:59","slug":"carabineros-del-choapa-detienen-a-dos-personas-por-circular-en-camioneta-con-patentes-de-otro-vehiculo-y-recuperan-movil","status":"publish","type":"post","link":"https:\/\/www.elregional.cl\/?p=12854","title":{"rendered":"Carabineros del Choapa detienen a dos personas por circular en camioneta con patentes de otro veh\u00edculo y recuperan m\u00f3vil\u00a0"},"content":{"rendered":"<div class=\"td-post-header\">\n<header class=\"td-post-title\">\n<div class=\"td-module-meta-info\"><\/div>\n<\/header>\n<\/div>\n<div class=\"td-post-content\">\n<div class=\"td-post-sharing td-post-sharing-top\">\n<div class=\"td-default-sharing\"><i class=\"td-icon-facebook\"><\/i>\u00a0<i class=\"td-icon-twitter\"><\/i>\u00a0<i class=\"td-icon-googleplus\"><\/i>\u00a0<i class=\"td-icon-pinterest\"><\/i>\u00a0<i class=\"td-icon-whatsapp\"><\/i><\/div>\n<\/div>\n<p data-start=\"80\" data-end=\"304\"><em><strong>Dos personas fueron detenidas por Carabineros de la Tenencia Carretera Choapa luego de ser sorprendidas circulando en un veh\u00edculo cuyas patentes\u00a0 eran adulteradas no correspondiendo al veh\u00edculo,\u00a0 en un procedimiento realizado en la Ruta 5.<\/strong><\/em><\/p>\n<p data-start=\"306\" data-end=\"605\">De acuerdo con lo informado por el teniente Erick Cadieux, mientras personal policial realizaba patrullajes preventivos por la principal carretera del pa\u00eds, procedieron a fiscalizar una camioneta que se encontraba en el servicentro Copec del sector Palo Colorado, donde se desplazaban dos ocupantes.<\/p>\n<p data-start=\"607\" data-end=\"893\"><img loading=\"lazy\" decoding=\"async\" class=\"alignright wp-image-55969\" src=\"https:\/\/www.davidnoticias.cl\/wp-content\/uploads\/2026\/03\/Captura-de-pantalla-2026-03-10-185607-300x211.png\" sizes=\"auto, (max-width: 351px) 100vw, 351px\" srcset=\"https:\/\/www.davidnoticias.cl\/wp-content\/uploads\/2026\/03\/Captura-de-pantalla-2026-03-10-185607-300x211.png 300w, https:\/\/www.davidnoticias.cl\/wp-content\/uploads\/2026\/03\/Captura-de-pantalla-2026-03-10-185607-768x541.png 768w, https:\/\/www.davidnoticias.cl\/wp-content\/uploads\/2026\/03\/Captura-de-pantalla-2026-03-10-185607-100x70.png 100w, https:\/\/www.davidnoticias.cl\/wp-content\/uploads\/2026\/03\/Captura-de-pantalla-2026-03-10-185607-696x490.png 696w, https:\/\/www.davidnoticias.cl\/wp-content\/uploads\/2026\/03\/Captura-de-pantalla-2026-03-10-185607-597x420.png 597w, https:\/\/www.davidnoticias.cl\/wp-content\/uploads\/2026\/03\/Captura-de-pantalla-2026-03-10-185607.png 953w\" alt=\"\" width=\"351\" height=\"247\" \/>Durante la revisi\u00f3n del veh\u00edculo, los funcionarios se percataron de que el n\u00famero de chasis no coincid\u00eda con el asociado a la patente del m\u00f3vil, situaci\u00f3n que levant\u00f3 sospechas respecto de la procedencia del veh\u00edculo, por lo que se procedi\u00f3 a la detenci\u00f3n inmediata de ambos individuos.<\/p>\n<p data-start=\"895\" data-end=\"1033\">Adem\u00e1s, se estableci\u00f3 que el conductor manten\u00eda una orden de detenci\u00f3n vigente y se encontraba pr\u00f3fugo de la justicia por el mismo delito.<\/p>\n<p data-start=\"1035\" data-end=\"1296\">El teniente Cadieux destac\u00f3 que este tipo de controles forma parte de los patrullajes preventivos que desarrolla Carabineros en la Ruta 5, con el objetivo de aumentar la seguridad de los viajeros y detectar delitos asociados al robo o adulteraci\u00f3n de veh\u00edculos.<\/p>\n<p data-start=\"1298\" data-end=\"1412\" data-is-last-node=\"\" data-is-only-node=\"\">Ambos detenidos fueron puestos a disposici\u00f3n del tribunal correspondiente para su respectivo control de detenci\u00f3n.<\/p>\n<\/div>\n","protected":false},"excerpt":{"rendered":"<p>\u00a0\u00a0\u00a0\u00a0 Dos personas fueron detenidas por Carabineros de la Tenencia Carretera Choapa luego de ser sorprendidas circulando en un veh\u00edculo cuyas patentes\u00a0 eran adulteradas no correspondiendo al veh\u00edculo,\u00a0 en un procedimiento realizado en la Ruta 5. De acuerdo con lo informado por el teniente Erick Cadieux, mientras personal policial realizaba patrullajes preventivos por la principal &hellip;<\/p>\n","protected":false},"author":2,"featured_media":12855,"comment_status":"closed","ping_status":"closed","sticky":false,"template":"","format":"standard","meta":{"footnotes":""},"categories":[2],"tags":[],"class_list":["post-12854","post","type-post","status-publish","format-standard","has-post-thumbnail","hentry","category-regionales"],"_links":{"self":[{"href":"https:\/\/www.elregional.cl\/index.php?rest_route=\/wp\/v2\/posts\/12854","targetHints":{"allow":["GET"]}}],"collection":[{"href":"https:\/\/www.elregional.cl\/index.php?rest_route=\/wp\/v2\/posts"}],"about":[{"href":"https:\/\/www.elregional.cl\/index.php?rest_route=\/wp\/v2\/types\/post"}],"author":[{"embeddable":true,"href":"https:\/\/www.elregional.cl\/index.php?rest_route=\/wp\/v2\/users\/2"}],"replies":[{"embeddable":true,"href":"https:\/\/www.elregional.cl\/index.php?rest_route=%2Fwp%2Fv2%2Fcomments&post=12854"}],"version-history":[{"count":1,"href":"https:\/\/www.elregional.cl\/index.php?rest_route=\/wp\/v2\/posts\/12854\/revisions"}],"predecessor-version":[{"id":12856,"href":"https:\/\/www.elregional.cl\/index.php?rest_route=\/wp\/v2\/posts\/12854\/revisions\/12856"}],"wp:featuredmedia":[{"embeddable":true,"href":"https:\/\/www.elregional.cl\/index.php?rest_route=\/wp\/v2\/media\/12855"}],"wp:attachment":[{"href":"https:\/\/www.elregional.cl\/index.php?rest_route=%2Fwp%2Fv2%2Fmedia&parent=12854"}],"wp:term":[{"taxonomy":"category","embeddable":true,"href":"https:\/\/www.elregional.cl\/index.php?rest_route=%2Fwp%2Fv2%2Fcategories&post=12854"},{"taxonomy":"post_tag","embeddable":true,"href":"https:\/\/www.elregional.cl\/index.php?rest_route=%2Fwp%2Fv2%2Ftags&post=12854"}],"curies":[{"name":"wp","href":"https:\/\/api.w.org\/{rel}","templated":true}]}}