{"id":12858,"date":"2026-03-11T11:48:46","date_gmt":"2026-03-11T11:48:46","guid":{"rendered":"https:\/\/www.elregional.cl\/?p=12858"},"modified":"2026-03-11T11:48:46","modified_gmt":"2026-03-11T11:48:46","slug":"intenso-despliegue-en-el-limari-carabineros-detiene-a-22-personas-tras-masivos-operativos-de-fin-de-semana","status":"publish","type":"post","link":"https:\/\/www.elregional.cl\/?p=12858","title":{"rendered":"Intenso despliegue en el Limar\u00ed: Carabineros detiene a 22 personas tras masivos operativos de fin de semana"},"content":{"rendered":"<div class=\"td_block_wrap tdb_title tdi_48 tdb-single-title td-pb-border-top td_block_template_1\" data-td-block-uid=\"tdi_48\">\n<div class=\"tdb-block-inner td-fix-index\">\n<h1 class=\"tdb-title-text\"><\/h1>\n<\/div>\n<\/div>\n<div class=\"td_block_wrap tdb_single_content tdi_55 td-pb-border-top td_block_template_1 td-post-content tagdiv-type\" data-td-block-uid=\"tdi_55\">\n<div class=\"tdb-block-inner td-fix-index\">\n<p><strong>La 3\u00aa Comisar\u00eda de Ovalle lider\u00f3 las acciones de seguridad en la provincia, logrando la captura de sujetos por diversos delitos y la ejecuci\u00f3n de m\u00faltiples \u00f3rdenes de arresto pendientes, en el marco de una estrategia regional que sum\u00f3 cerca de 40 detenidos.<\/strong>\u00a0<strong>Adem\u00e1s, se registraron 592 controles de identidad y 1.219 controles vehiculares, resultando en 227 infracciones al tr\u00e1nsito y 12 multas por faltas a la Ley de Alcoholes<\/strong><\/p>\n<p>Un masivo despliegue operativo y preventivo desarrollado por Carabineros de la Prefectura Limar\u00ed permiti\u00f3 la detenci\u00f3n de 22 personas durante el reciente fin de semana en Ovalle. Las acciones se tradujeron en una fuerte presencia en terreno que permiti\u00f3 detectar delitos en flagrancia y retirar de circulaci\u00f3n a individuos que manten\u00edan deudas pendientes con la justicia. Del total de capturas en la zona, destacaron procedimientos por hurto en supermercados, porte de arma blanca, amenazas de muerte en contexto de violencia intrafamiliar (VIF) y robos en lugares no habitados.<\/p>\n<p>La labor de la polic\u00eda uniformada no solo se centr\u00f3 en delitos flagrantes, sino tambi\u00e9n en un exhaustivo control de pr\u00f3fugos, logrando concretar detenciones por \u00f3rdenes vigentes relacionadas con tr\u00e1fico de drogas, lesiones, conducci\u00f3n en estado de ebriedad y desacatos.<\/p>\n<p>A nivel de la Prefectura, el balance consolidado arroj\u00f3 cifras significativas que demuestran la magnitud de la vigilancia: se realizaron 592 controles de identidad y 1.219 controles vehiculares, resultando en 227 infracciones al tr\u00e1nsito y 12 multas por faltas a la Ley de Alcoholes. Con estos resultados, Carabineros cierra una jornada de alta productividad operativa, manteniendo el despliegue permanente para asegurar que las actividades cotidianas de la comunidad se desarrollen en un ambiente de orden y plena normalidad.<\/p>\n<p><strong>Balance operativo en la Provincia de Choapa<\/strong><\/p>\n<p>En la Provincia de Choapa, la labor de la 4\u00aa Comisar\u00eda de Illapel tambi\u00e9n report\u00f3 importantes resultados con un total de 17 detenidos durante el fin de semana. Entre los procedimientos m\u00e1s relevantes destacan las capturas por robo con violencia, receptaci\u00f3n de veh\u00edculos motorizados y falsificaci\u00f3n de instrumento p\u00fablico. Asimismo, el personal policial intervino en diversos casos de violencia intrafamiliar y violaci\u00f3n de morada, sumado a la detenci\u00f3n de personas por conducir en estado de ebriedad y el cumplimiento de \u00f3rdenes judiciales por tr\u00e1fico de drogas en peque\u00f1as cantidades, consolidando as\u00ed un frente preventivo robusto en el sector sur de la regi\u00f3n.<\/p>\n<\/div>\n<\/div>\n","protected":false},"excerpt":{"rendered":"<p>La 3\u00aa Comisar\u00eda de Ovalle lider\u00f3 las acciones de seguridad en la provincia, logrando la captura de sujetos por diversos delitos y la ejecuci\u00f3n de m\u00faltiples \u00f3rdenes de arresto pendientes, en el marco de una estrategia regional que sum\u00f3 cerca de 40 detenidos.\u00a0Adem\u00e1s, se registraron 592 controles de identidad y 1.219 controles vehiculares, resultando en &hellip;<\/p>\n","protected":false},"author":2,"featured_media":11684,"comment_status":"closed","ping_status":"closed","sticky":false,"template":"","format":"standard","meta":{"footnotes":""},"categories":[2],"tags":[],"class_list":["post-12858","post","type-post","status-publish","format-standard","has-post-thumbnail","hentry","category-regionales"],"_links":{"self":[{"href":"https:\/\/www.elregional.cl\/index.php?rest_route=\/wp\/v2\/posts\/12858","targetHints":{"allow":["GET"]}}],"collection":[{"href":"https:\/\/www.elregional.cl\/index.php?rest_route=\/wp\/v2\/posts"}],"about":[{"href":"https:\/\/www.elregional.cl\/index.php?rest_route=\/wp\/v2\/types\/post"}],"author":[{"embeddable":true,"href":"https:\/\/www.elregional.cl\/index.php?rest_route=\/wp\/v2\/users\/2"}],"replies":[{"embeddable":true,"href":"https:\/\/www.elregional.cl\/index.php?rest_route=%2Fwp%2Fv2%2Fcomments&post=12858"}],"version-history":[{"count":1,"href":"https:\/\/www.elregional.cl\/index.php?rest_route=\/wp\/v2\/posts\/12858\/revisions"}],"predecessor-version":[{"id":12859,"href":"https:\/\/www.elregional.cl\/index.php?rest_route=\/wp\/v2\/posts\/12858\/revisions\/12859"}],"wp:featuredmedia":[{"embeddable":true,"href":"https:\/\/www.elregional.cl\/index.php?rest_route=\/wp\/v2\/media\/11684"}],"wp:attachment":[{"href":"https:\/\/www.elregional.cl\/index.php?rest_route=%2Fwp%2Fv2%2Fmedia&parent=12858"}],"wp:term":[{"taxonomy":"category","embeddable":true,"href":"https:\/\/www.elregional.cl\/index.php?rest_route=%2Fwp%2Fv2%2Fcategories&post=12858"},{"taxonomy":"post_tag","embeddable":true,"href":"https:\/\/www.elregional.cl\/index.php?rest_route=%2Fwp%2Fv2%2Ftags&post=12858"}],"curies":[{"name":"wp","href":"https:\/\/api.w.org\/{rel}","templated":true}]}}