{"id":12862,"date":"2026-03-11T11:51:54","date_gmt":"2026-03-11T11:51:54","guid":{"rendered":"https:\/\/www.elregional.cl\/?p=12862"},"modified":"2026-03-11T11:51:54","modified_gmt":"2026-03-11T11:51:54","slug":"celebran-8-anos-de-la-biblioteca-regional-gabriela-mistral","status":"publish","type":"post","link":"https:\/\/www.elregional.cl\/?p=12862","title":{"rendered":"Celebran 8 a\u00f1os de la Biblioteca Regional Gabriela Mistral"},"content":{"rendered":"<div class=\"td-post-header\">\n<header class=\"td-post-title\">\n<h1 class=\"entry-title\"><\/h1>\n<\/header>\n<\/div>\n<div class=\"td-post-content\">\n<div class=\"td-post-sharing-top\">\n<div id=\"td_social_sharing_article_top\" class=\"td-post-sharing td-ps-bg td-ps-notext td-post-sharing-style1 \">\n<div class=\"td-post-sharing-visible\">\n<div class=\"td-social-but-icon\"><\/div>\n<\/div>\n<\/div>\n<\/div>\n<p><strong>En la jornada, que incluy\u00f3 entre sus sorpresas una especial premiaci\u00f3n a lectores y lectoras, el espacio p\u00fablico cultural destac\u00f3 la gesti\u00f3n desarrollada desde su apertura el a\u00f1o 2018, cuyos indicadores de pr\u00e9stamos y socios\/as siguen aumentando d\u00eda a d\u00eda.<\/strong><\/p>\n<p><span id=\"more-206389\"><\/span>Este 5 de marzo la Biblioteca Regional Gabriela Mistral celebr\u00f3 su 8vo aniversario de funcionamiento. A\u00f1o a a\u00f1o, se ha consolidado en la regi\u00f3n como un lugar de encuentro y di\u00e1logo en torno al fomento lector, con actividades culturales abiertas y lecturas de todo tipo, adapt\u00e1ndose a los tiempos y contextos diversos para seguir acompa\u00f1ando a la comunidad.<\/p>\n<p>Este 2026, para conmemorar el hito, su equipo ofreci\u00f3 una serie de iniciativas abiertas y gratuitas a todo p\u00fablico, con el fin de seguir facilitando el acceso a los libros, al conocimiento y a la informaci\u00f3n.<\/p>\n<h2 class=\"wp-block-heading\">Historia de la Biblioteca<\/h2>\n<figure class=\"wp-block-image size-large\"><img loading=\"lazy\" decoding=\"async\" class=\"wp-image-206390\" src=\"https:\/\/laserenaonline.cl\/wp-content\/uploads\/2026\/03\/biblioteca-gabriela-mistral-1024x682.jpg\" sizes=\"auto, (max-width: 1024px) 100vw, 1024px\" srcset=\"https:\/\/laserenaonline.cl\/wp-content\/uploads\/2026\/03\/biblioteca-gabriela-mistral-1024x682.jpg 1024w, https:\/\/laserenaonline.cl\/wp-content\/uploads\/2026\/03\/biblioteca-gabriela-mistral-300x200.jpg 300w, https:\/\/laserenaonline.cl\/wp-content\/uploads\/2026\/03\/biblioteca-gabriela-mistral-768x512.jpg 768w, https:\/\/laserenaonline.cl\/wp-content\/uploads\/2026\/03\/biblioteca-gabriela-mistral-630x420.jpg 630w, https:\/\/laserenaonline.cl\/wp-content\/uploads\/2026\/03\/biblioteca-gabriela-mistral-696x464.jpg 696w, https:\/\/laserenaonline.cl\/wp-content\/uploads\/2026\/03\/biblioteca-gabriela-mistral-1068x712.jpg 1068w, https:\/\/laserenaonline.cl\/wp-content\/uploads\/2026\/03\/biblioteca-gabriela-mistral.jpg 1280w\" alt=\"\" width=\"1024\" height=\"682\" \/><\/figure>\n<p>Desde su apertura, el espacio cultural del\u00a0<a title=\"\" href=\"https:\/\/www.cultura.gob.cl\/\" target=\"_blank\" rel=\"noopener\">Ministerio de las Culturas, las Artes y el Patrimonio<\/a>, a trav\u00e9s del Servicio Nacional del Patrimonio Cultural sum\u00f3 durante el 2025 2.465 nuevos socios, llegando a m\u00e1s de 40.000 desde su apertura.<\/p>\n<p>Por otro lado, el a\u00f1o reci\u00e9n pasado logr\u00f3 cerca de 35.000 pr\u00e9stamos de libros, sobrepasando los 300.000 mil desde el a\u00f1o 2018. Junto a ello, solamente durante los meses de enero y agosto de 2025 visitaron la biblioteca p\u00fablica cerca de 47.000 personas, quienes fueron parte de 219 actividades presenciales, 11 virtuales y 8 extramuros. Todas ellas gestionadas desde su equipo.<\/p>\n<p>Su l\u00ednea editorial tambi\u00e9n continu\u00f3 creciendo, sumando una nueva obra al cat\u00e1logo disponible para pr\u00e9stamos, el kamishibai \u201cDonde brillan las estrellas\u201d, trabajo que aborda la inclusi\u00f3n desarrollada junto al Instituto Nacional de Derechos Humanos y el Servicio Nacional de la Mujer y la Equidad de G\u00e9nero (SernamEG).<\/p>\n<\/div>\n","protected":false},"excerpt":{"rendered":"<p>En la jornada, que incluy\u00f3 entre sus sorpresas una especial premiaci\u00f3n a lectores y lectoras, el espacio p\u00fablico cultural destac\u00f3 la gesti\u00f3n desarrollada desde su apertura el a\u00f1o 2018, cuyos indicadores de pr\u00e9stamos y socios\/as siguen aumentando d\u00eda a d\u00eda. Este 5 de marzo la Biblioteca Regional Gabriela Mistral celebr\u00f3 su 8vo aniversario de funcionamiento. &hellip;<\/p>\n","protected":false},"author":2,"featured_media":12863,"comment_status":"closed","ping_status":"closed","sticky":false,"template":"","format":"standard","meta":{"footnotes":""},"categories":[2],"tags":[],"class_list":["post-12862","post","type-post","status-publish","format-standard","has-post-thumbnail","hentry","category-regionales"],"_links":{"self":[{"href":"https:\/\/www.elregional.cl\/index.php?rest_route=\/wp\/v2\/posts\/12862","targetHints":{"allow":["GET"]}}],"collection":[{"href":"https:\/\/www.elregional.cl\/index.php?rest_route=\/wp\/v2\/posts"}],"about":[{"href":"https:\/\/www.elregional.cl\/index.php?rest_route=\/wp\/v2\/types\/post"}],"author":[{"embeddable":true,"href":"https:\/\/www.elregional.cl\/index.php?rest_route=\/wp\/v2\/users\/2"}],"replies":[{"embeddable":true,"href":"https:\/\/www.elregional.cl\/index.php?rest_route=%2Fwp%2Fv2%2Fcomments&post=12862"}],"version-history":[{"count":1,"href":"https:\/\/www.elregional.cl\/index.php?rest_route=\/wp\/v2\/posts\/12862\/revisions"}],"predecessor-version":[{"id":12864,"href":"https:\/\/www.elregional.cl\/index.php?rest_route=\/wp\/v2\/posts\/12862\/revisions\/12864"}],"wp:featuredmedia":[{"embeddable":true,"href":"https:\/\/www.elregional.cl\/index.php?rest_route=\/wp\/v2\/media\/12863"}],"wp:attachment":[{"href":"https:\/\/www.elregional.cl\/index.php?rest_route=%2Fwp%2Fv2%2Fmedia&parent=12862"}],"wp:term":[{"taxonomy":"category","embeddable":true,"href":"https:\/\/www.elregional.cl\/index.php?rest_route=%2Fwp%2Fv2%2Fcategories&post=12862"},{"taxonomy":"post_tag","embeddable":true,"href":"https:\/\/www.elregional.cl\/index.php?rest_route=%2Fwp%2Fv2%2Ftags&post=12862"}],"curies":[{"name":"wp","href":"https:\/\/api.w.org\/{rel}","templated":true}]}}