{"id":12866,"date":"2026-03-11T12:04:21","date_gmt":"2026-03-11T12:04:21","guid":{"rendered":"https:\/\/www.elregional.cl\/?p=12866"},"modified":"2026-03-11T12:04:21","modified_gmt":"2026-03-11T12:04:21","slug":"iran-bombardea-barcos-en-el-estrecho-de-ormuz","status":"publish","type":"post","link":"https:\/\/www.elregional.cl\/?p=12866","title":{"rendered":"Ir\u00e1n bombardea barcos en el estrecho de Ormuz"},"content":{"rendered":"<header class=\"header bbcl-app\">\n<div class=\"navbar\"><\/div>\n<div class=\"scroll-progress-bar-container\" data-v-2c83f65f=\"\"><\/div>\n<\/header>\n<p><main id=\"content-container\"><\/p>\n<article id=\"post-6758598\" class=\"post  \" data-id=\"6758598\" data-url=\"https:\/\/www.biobiochile.cl\/noticias\/internacional\/mediooriente\/2026\/03\/11\/iran-contraataca-objetivos-en-israel-y-medio-oriente-barcos-fueron-impactados-por-misiles-en-ormuz.shtml\" data-title=\"Ir\u00e1n lanza mayor ofensiva contra Israel y Medio Oriente: barcos fueron impactados por misiles en Ormuz\" data-category=\"internacional\" data-secondary=\"mediooriente\">\n<div class=\"post-content banners-contenido-nota-6758598\">\n<div class=\"bbcl-alert alert-en-desarrollo\">\n<div class=\"alert-content\">Reuters<\/div>\n<div class=\"alert-content\">Estamos recopilando m\u00e1s antecedentes sobre esta noticia, qu\u00e9date atento a las actualizaciones.<\/div>\n<\/div>\n<p>Un reporte de\u00a0<a href=\"https:\/\/www.reuters.com\/world\/middle-east\/combatants-mideast-war-trade-more-air-strikes-iran-clamps-down-dissent-2026-03-11\/\" target=\"_blank\" rel=\"noopener\">Reuters\u00a0<\/a>inform\u00f3 de<strong>\u00a0un contraataque de Ir\u00e1n, durante este mi\u00e9rcoles, a objetivos en Israel y Medio Oriente.<\/strong>\u00a0Es ese contexto, cuatro barcos fueron impactados por misiles en el golfo.<\/p>\n<div><\/div>\n<p>La ofensiva iran\u00ed se da un d\u00eda despu\u00e9s de masivos ataques que recibi\u00f3 aquel pa\u00eds por parte de Estados Unidos y la naci\u00f3n israel\u00ed.<\/p>\n<h2>Mayor ofensiva de Ir\u00e1n contra Israel y M.O. a la fecha<\/h2>\n<p>\u201cLo anterior demuestra que Teher\u00e1n\u00a0<strong>a\u00fan puede contraatacar e interrumpir el suministro de energ\u00eda,<\/strong>\u00a0a pesar de los ataques m\u00e1s intensos, hasta el momento, en su contra\u201d, detallaron.<\/p>\n<p>De acuerdo a\u00a0<a href=\"https:\/\/www.elmundo.es\/internacional\/2026\/03\/11\/69b106e9fb7b94bd83b8cda6-directo.html\" target=\"_blank\" rel=\"noopener\">El Mundo,<\/a>\u00a0esta ser\u00eda la mayor ofensiva, hasta la fecha, por parte de Ir\u00e1n hacia un grupo importante de pa\u00edses.<\/p>\n<p>Por lo mismo, Israel, Qatar, Arabia Saudita, Emiratos \u00c1rabes Unidos y Kuwait debieron activar sus sistemas de defensa, los cuales se encontrar\u00edan bastante mermados.<\/p>\n<p>Asimismo, los barcos alcanzados por proyectiles resultaron incendiados en el golfo, pero\u00a0<strong>no se reportaron v\u00edctimas fatales.<\/strong><\/p>\n<p>Desde el gobierno iran\u00ed, adem\u00e1s, aseguraron que el nuevo l\u00edder supremo,\u00a0<strong>Motjaba Jamenei, se encuentra \u201csano y salvo\u201d.<\/strong><\/p>\n<p>\u201cHe o\u00eddo las informaciones que dicen que el se\u00f1or Mojtaba Jamenei hab\u00eda resultado herido. Pregunt\u00e9 a amigos que tienen contactos. Me dijeron que, gracias a Dios, estaba sano y salvo\u201d, detall\u00f3 Yousef Pezeshkian, hijo del presidente iran\u00ed.<\/p>\n<div id=\"banner-sticky-nota-2-6758598\">\n<div><\/div>\n<\/div>\n<p>Hay que se\u00f1alar que, el pasado martes, la naci\u00f3n \u2018Persa\u2019 hab\u00eda anunciado que desplegar\u00eda minas en el estrecho de Ormuz, para paralizar totalmente el tr\u00e1nsito petrolero.<\/p>\n<p>La situaci\u00f3n fue advertida por Estados Unidos, que destruy\u00f3 16 buques de guerra en el lugar, los cuales habr\u00edan estado colocando los explosivos.<\/p>\n<\/div>\n<\/article>\n<p><\/main><\/p>\n","protected":false},"excerpt":{"rendered":"<p>Reuters Estamos recopilando m\u00e1s antecedentes sobre esta noticia, qu\u00e9date atento a las actualizaciones. Un reporte de\u00a0Reuters\u00a0inform\u00f3 de\u00a0un contraataque de Ir\u00e1n, durante este mi\u00e9rcoles, a objetivos en Israel y Medio Oriente.\u00a0Es ese contexto, cuatro barcos fueron impactados por misiles en el golfo. La ofensiva iran\u00ed se da un d\u00eda despu\u00e9s de masivos ataques que recibi\u00f3 aquel &hellip;<\/p>\n","protected":false},"author":2,"featured_media":12867,"comment_status":"closed","ping_status":"closed","sticky":false,"template":"","format":"standard","meta":{"footnotes":""},"categories":[4],"tags":[],"class_list":["post-12866","post","type-post","status-publish","format-standard","has-post-thumbnail","hentry","category-mundo"],"_links":{"self":[{"href":"https:\/\/www.elregional.cl\/index.php?rest_route=\/wp\/v2\/posts\/12866","targetHints":{"allow":["GET"]}}],"collection":[{"href":"https:\/\/www.elregional.cl\/index.php?rest_route=\/wp\/v2\/posts"}],"about":[{"href":"https:\/\/www.elregional.cl\/index.php?rest_route=\/wp\/v2\/types\/post"}],"author":[{"embeddable":true,"href":"https:\/\/www.elregional.cl\/index.php?rest_route=\/wp\/v2\/users\/2"}],"replies":[{"embeddable":true,"href":"https:\/\/www.elregional.cl\/index.php?rest_route=%2Fwp%2Fv2%2Fcomments&post=12866"}],"version-history":[{"count":1,"href":"https:\/\/www.elregional.cl\/index.php?rest_route=\/wp\/v2\/posts\/12866\/revisions"}],"predecessor-version":[{"id":12868,"href":"https:\/\/www.elregional.cl\/index.php?rest_route=\/wp\/v2\/posts\/12866\/revisions\/12868"}],"wp:featuredmedia":[{"embeddable":true,"href":"https:\/\/www.elregional.cl\/index.php?rest_route=\/wp\/v2\/media\/12867"}],"wp:attachment":[{"href":"https:\/\/www.elregional.cl\/index.php?rest_route=%2Fwp%2Fv2%2Fmedia&parent=12866"}],"wp:term":[{"taxonomy":"category","embeddable":true,"href":"https:\/\/www.elregional.cl\/index.php?rest_route=%2Fwp%2Fv2%2Fcategories&post=12866"},{"taxonomy":"post_tag","embeddable":true,"href":"https:\/\/www.elregional.cl\/index.php?rest_route=%2Fwp%2Fv2%2Ftags&post=12866"}],"curies":[{"name":"wp","href":"https:\/\/api.w.org\/{rel}","templated":true}]}}