{"id":12871,"date":"2026-03-11T13:26:21","date_gmt":"2026-03-11T13:26:21","guid":{"rendered":"https:\/\/www.elregional.cl\/?p=12871"},"modified":"2026-03-11T13:26:21","modified_gmt":"2026-03-11T13:26:21","slug":"nuevo-aviso-de-marejadas-para-costas-de-chile-2","status":"publish","type":"post","link":"https:\/\/www.elregional.cl\/?p=12871","title":{"rendered":"Nuevo Aviso de Marejadas para costas de Chile"},"content":{"rendered":"<p>&#8211;\u00a0\u00c1REA COSTERA AFECTADA<\/p>\n<p><strong>Golfo de Penas hasta Arica y Archipi\u00e9lago Juan Fern\u00e1ndez.<\/strong><\/p>\n<p>2.-\u00a0DIRECCI\u00d3N DEL OLEAJE:<\/p>\n<p><strong>Suroeste<\/strong>, originado por paso de sistema frontal en sector sur del pa\u00eds.<\/p>\n<p>3.-\u00a0INICIO MAREJADAS:<\/p>\n<table>\n<tbody>\n<tr>\n<td>Archipi\u00e9lago Juan Fern\u00e1ndez<\/td>\n<td>Jueves 12 de marzo (AM).<\/td>\n<\/tr>\n<tr>\n<td>Golfo de Penas hasta Constituci\u00f3n<\/td>\n<td>Jueves 12 de marzo (AM).<\/td>\n<\/tr>\n<tr>\n<td>Constituci\u00f3n hasta Coquimbo<\/td>\n<td>Jueves 12 de marzo (PM).<\/td>\n<\/tr>\n<tr>\n<td>Coquimbo hasta Arica<\/td>\n<td>Viernes 13 de marzo (AM).<\/td>\n<\/tr>\n<\/tbody>\n<\/table>\n<p>4.-\u00a0T\u00c9RMINO CONDICI\u00d3N:<\/p>\n<table>\n<tbody>\n<tr>\n<td width=\"274\">Archipi\u00e9lago Juan Fern\u00e1ndez<\/td>\n<td width=\"293\">Viernes 13 de marzo.<\/td>\n<\/tr>\n<tr>\n<td width=\"274\">Golfo de Penas hasta Coquimbo<\/td>\n<td width=\"293\">Viernes 13 de marzo.<\/td>\n<\/tr>\n<tr>\n<td>Coquimbo hasta hasta Arica<\/td>\n<td>S\u00e1bado 14 de marzo.<\/td>\n<\/tr>\n<\/tbody>\n<\/table>\n<p>5.- HORARIOS DE MAYOR INTENSIDAD:<\/p>\n<p>Horas de pleamar o altas mareas, en particular:<\/p>\n<table>\n<tbody>\n<tr>\n<td width=\"274\">Golfo de Penas hasta Constituci\u00f3n<\/td>\n<td width=\"293\">entre 20:00 a 22:00 hrs.\/ 08:00 a 10:00 hrs<\/td>\n<\/tr>\n<tr>\n<td>Constituci\u00f3n hasta Arica<\/td>\n<td>entre 19:00 a 21:00 hrs.\/ 07:00 a 09:00 hrs<\/td>\n<\/tr>\n<tr>\n<td>Archipi\u00e9lago Juan Fern\u00e1ndez<\/td>\n<td>entre 19:00 a 21:00 hrs.\/ 07:00 a 09:00 hrs<\/td>\n<\/tr>\n<\/tbody>\n<\/table>\n<p>6.-\u00a0\u00a0RECOMENDACIONES:<\/p>\n<p>La Autoridad Mar\u00edtima hace presente a la comunidad que se debe actuar con prudencia y cautela, RESPETAR LAS NORMAS DE SEGURIDAD establecidas, evitando el tr\u00e1nsito por sectores rocosos, NO INGRESAR AL MAR durante el evento de marejadas, no desarrollar actividades n\u00e1uticas y deportivas sin la debida autorizaci\u00f3n.<\/p>\n<p><em>Esta y otras informaciones meteorol\u00f3gicas ser\u00e1n difundidas por la red de radio estaciones mar\u00edtimas costeras, y publicadas en la p\u00e1gina web\u00a0<u>http:\/\/meteoarmada.directemar.cl<\/u>\u00a0versi\u00f3n para navegantes\u00a0<a href=\"http:\/\/web.directemar.cl\/met\/jturno\/indice\/index.htm\">http:\/\/web.directemar.cl\/met\/jturno\/indice\/index.htm<\/a>\u00a0y cuenta X (ex twitter) del Centro Zonal de Meteorolog\u00eda Marina de Valpara\u00edso\u00a0<u>@MetArmada_Valp<\/u><\/em><\/p>\n","protected":false},"excerpt":{"rendered":"<p>&#8211;\u00a0\u00c1REA COSTERA AFECTADA Golfo de Penas hasta Arica y Archipi\u00e9lago Juan Fern\u00e1ndez. 2.-\u00a0DIRECCI\u00d3N DEL OLEAJE: Suroeste, originado por paso de sistema frontal en sector sur del pa\u00eds. 3.-\u00a0INICIO MAREJADAS: Archipi\u00e9lago Juan Fern\u00e1ndez Jueves 12 de marzo (AM). Golfo de Penas hasta Constituci\u00f3n Jueves 12 de marzo (AM). Constituci\u00f3n hasta Coquimbo Jueves 12 de marzo (PM). &hellip;<\/p>\n","protected":false},"author":2,"featured_media":12872,"comment_status":"closed","ping_status":"closed","sticky":false,"template":"","format":"standard","meta":{"footnotes":""},"categories":[3],"tags":[],"class_list":["post-12871","post","type-post","status-publish","format-standard","has-post-thumbnail","hentry","category-pais"],"_links":{"self":[{"href":"https:\/\/www.elregional.cl\/index.php?rest_route=\/wp\/v2\/posts\/12871","targetHints":{"allow":["GET"]}}],"collection":[{"href":"https:\/\/www.elregional.cl\/index.php?rest_route=\/wp\/v2\/posts"}],"about":[{"href":"https:\/\/www.elregional.cl\/index.php?rest_route=\/wp\/v2\/types\/post"}],"author":[{"embeddable":true,"href":"https:\/\/www.elregional.cl\/index.php?rest_route=\/wp\/v2\/users\/2"}],"replies":[{"embeddable":true,"href":"https:\/\/www.elregional.cl\/index.php?rest_route=%2Fwp%2Fv2%2Fcomments&post=12871"}],"version-history":[{"count":1,"href":"https:\/\/www.elregional.cl\/index.php?rest_route=\/wp\/v2\/posts\/12871\/revisions"}],"predecessor-version":[{"id":12873,"href":"https:\/\/www.elregional.cl\/index.php?rest_route=\/wp\/v2\/posts\/12871\/revisions\/12873"}],"wp:featuredmedia":[{"embeddable":true,"href":"https:\/\/www.elregional.cl\/index.php?rest_route=\/wp\/v2\/media\/12872"}],"wp:attachment":[{"href":"https:\/\/www.elregional.cl\/index.php?rest_route=%2Fwp%2Fv2%2Fmedia&parent=12871"}],"wp:term":[{"taxonomy":"category","embeddable":true,"href":"https:\/\/www.elregional.cl\/index.php?rest_route=%2Fwp%2Fv2%2Fcategories&post=12871"},{"taxonomy":"post_tag","embeddable":true,"href":"https:\/\/www.elregional.cl\/index.php?rest_route=%2Fwp%2Fv2%2Ftags&post=12871"}],"curies":[{"name":"wp","href":"https:\/\/api.w.org\/{rel}","templated":true}]}}