{"id":12875,"date":"2026-03-12T16:34:49","date_gmt":"2026-03-12T16:34:49","guid":{"rendered":"https:\/\/www.elregional.cl\/?p=12875"},"modified":"2026-03-12T16:34:49","modified_gmt":"2026-03-12T16:34:49","slug":"autoridades-de-malta-confirman-que-buque-ruso-atacado-por-drones-se-mantiene-a-la-deriva-en-el-mediterraneo","status":"publish","type":"post","link":"https:\/\/www.elregional.cl\/?p=12875","title":{"rendered":"Autoridades de Malta confirman que buque ruso atacado por drones se mantiene a la deriva en el Mediterr\u00e1neo"},"content":{"rendered":"<header class=\"entry-header\"><\/header>\n<div class=\"entry-content clearfix\">\n<p><strong>@PortalPortuario<\/strong><\/p>\n<hr \/>\n<p>La<strong>\u00a0Autoridad de Transporte de Malta<\/strong>\u00a0asegur\u00f3 que el buque ruso\u00a0<strong>Arctic Metagaz<\/strong>\u00a0-que fue atacado por drones cerca de sus costas el pasado 3 de marzo- se mantiene a la deriva en el\u00a0<strong>mar Mediterr\u00e1neo<\/strong>. Esta informaci\u00f3n contradice lo se\u00f1alado por las instituciones de\u00a0<strong>Libia,<\/strong>\u00a0que dieron por hundido a el barco.<\/p>\n<p>En espec\u00edfico, la\u00a0<strong>Direcci\u00f3n de Puertos y Yates de Malta<\/strong>\u00a0entreg\u00f3 un aviso a los navegantes durante la jornada del 10 de marzo, donde se comunic\u00f3 que el mencionado buque se encuentra fuera de servicio y navegando a la deriva a 37 millas n\u00e1uticas al sur de Malta.\u00a0 La notificaci\u00f3n solicita a todos los barcos a sostener una distancia m\u00ednima de cinco millas n\u00e1uticas, prohibiendo acercarse al Arctic Metagaz.<\/p>\n<p>Este aviso confirma lo que ya hab\u00eda anunciado con anterioridad las\u00a0<strong>Fuerzas Armadas de Malta<\/strong>, quienes por medio de vuelos de reconocimiento hab\u00edan reportado que el buque GNL se manten\u00eda a flote, registrando su primer avistamiento el d\u00eda 6 de marzo.<\/p>\n<p>Se ha informado que las autoridades maltesas mantienen un monitoreo permanente del buque, por lo que han establecido planes de contingencia si llega a ingresar a su mar territorial.<\/p>\n<p>Es importante se\u00f1alar que el Arctic Metagaz es parte de la denominada flota fantasma rusa, sancionada desde el inicio de la guerra con\u00a0<strong>Ucrania<\/strong>.<\/p>\n<\/div>\n","protected":false},"excerpt":{"rendered":"<p>@PortalPortuario La\u00a0Autoridad de Transporte de Malta\u00a0asegur\u00f3 que el buque ruso\u00a0Arctic Metagaz\u00a0-que fue atacado por drones cerca de sus costas el pasado 3 de marzo- se mantiene a la deriva en el\u00a0mar Mediterr\u00e1neo. Esta informaci\u00f3n contradice lo se\u00f1alado por las instituciones de\u00a0Libia,\u00a0que dieron por hundido a el barco. En espec\u00edfico, la\u00a0Direcci\u00f3n de Puertos y Yates de &hellip;<\/p>\n","protected":false},"author":2,"featured_media":12876,"comment_status":"closed","ping_status":"closed","sticky":false,"template":"","format":"standard","meta":{"footnotes":""},"categories":[4],"tags":[],"class_list":["post-12875","post","type-post","status-publish","format-standard","has-post-thumbnail","hentry","category-mundo"],"_links":{"self":[{"href":"https:\/\/www.elregional.cl\/index.php?rest_route=\/wp\/v2\/posts\/12875","targetHints":{"allow":["GET"]}}],"collection":[{"href":"https:\/\/www.elregional.cl\/index.php?rest_route=\/wp\/v2\/posts"}],"about":[{"href":"https:\/\/www.elregional.cl\/index.php?rest_route=\/wp\/v2\/types\/post"}],"author":[{"embeddable":true,"href":"https:\/\/www.elregional.cl\/index.php?rest_route=\/wp\/v2\/users\/2"}],"replies":[{"embeddable":true,"href":"https:\/\/www.elregional.cl\/index.php?rest_route=%2Fwp%2Fv2%2Fcomments&post=12875"}],"version-history":[{"count":1,"href":"https:\/\/www.elregional.cl\/index.php?rest_route=\/wp\/v2\/posts\/12875\/revisions"}],"predecessor-version":[{"id":12877,"href":"https:\/\/www.elregional.cl\/index.php?rest_route=\/wp\/v2\/posts\/12875\/revisions\/12877"}],"wp:featuredmedia":[{"embeddable":true,"href":"https:\/\/www.elregional.cl\/index.php?rest_route=\/wp\/v2\/media\/12876"}],"wp:attachment":[{"href":"https:\/\/www.elregional.cl\/index.php?rest_route=%2Fwp%2Fv2%2Fmedia&parent=12875"}],"wp:term":[{"taxonomy":"category","embeddable":true,"href":"https:\/\/www.elregional.cl\/index.php?rest_route=%2Fwp%2Fv2%2Fcategories&post=12875"},{"taxonomy":"post_tag","embeddable":true,"href":"https:\/\/www.elregional.cl\/index.php?rest_route=%2Fwp%2Fv2%2Ftags&post=12875"}],"curies":[{"name":"wp","href":"https:\/\/api.w.org\/{rel}","templated":true}]}}