{"id":12880,"date":"2026-03-12T16:38:05","date_gmt":"2026-03-12T16:38:05","guid":{"rendered":"https:\/\/www.elregional.cl\/?p=12880"},"modified":"2026-03-12T16:38:05","modified_gmt":"2026-03-12T16:38:05","slug":"detienen-en-ovalle-a-sujeto-por-homicidio-frustrado-contra-carabinero-tras-agresion-con-arma-blanca","status":"publish","type":"post","link":"https:\/\/www.elregional.cl\/?p=12880","title":{"rendered":"Detienen en Ovalle a sujeto por homicidio frustrado contra carabinero tras agresi\u00f3n con arma blanca"},"content":{"rendered":"<div class=\"td-post-header\">\n<header class=\"td-post-title\">\n<div class=\"td-module-meta-info\">\u00a0<i class=\"td-icon-twitter\"><\/i>\u00a0<i class=\"td-icon-googleplus\"><\/i>\u00a0<i class=\"td-icon-pinterest\"><\/i><\/div>\n<\/header>\n<\/div>\n<div class=\"td-post-content\">\n<div class=\"flex flex-col text-sm pb-25\">\n<article class=\"text-token-text-primary w-full focus:outline-none [--shadow-height:45px] has-data-writing-block:pointer-events-none has-data-writing-block:-mt-(--shadow-height) has-data-writing-block:pt-(--shadow-height) [&amp;:has([data-writing-block])&gt;*]:pointer-events-auto scroll-mt-[calc(var(--header-height)+min(200px,max(70px,20svh)))]\" dir=\"auto\" tabindex=\"-1\" data-turn-id=\"request-WEB:5f383f0a-abe1-4e21-8979-93781b08585f-0\" data-testid=\"conversation-turn-2\" data-scroll-anchor=\"true\" data-turn=\"assistant\">\n<div class=\"text-base my-auto mx-auto pb-10 [--thread-content-margin:var(--thread-content-margin-xs,calc(var(--spacing)*4))] @w-sm\/main:[--thread-content-margin:var(--thread-content-margin-sm,calc(var(--spacing)*6))] @w-lg\/main:[--thread-content-margin:var(--thread-content-margin-lg,calc(var(--spacing)*16))] px-(--thread-content-margin)\">\n<div class=\"[--thread-content-max-width:40rem] @w-lg\/main:[--thread-content-max-width:48rem] mx-auto max-w-(--thread-content-max-width) flex-1 group\/turn-messages focus-visible:outline-hidden relative flex w-full min-w-0 flex-col agent-turn\" tabindex=\"-1\">\n<div class=\"flex max-w-full flex-col gap-4 grow\">\n<div class=\"min-h-8 text-message relative flex w-full flex-col items-end gap-2 text-start break-words whitespace-normal [.text-message+&amp;]:mt-1\" dir=\"auto\" data-message-author-role=\"assistant\" data-message-id=\"89a7b497-00f7-4a6c-babe-d7a9e5fe799a\" data-message-model-slug=\"gpt-5-3\">\n<div class=\"flex w-full flex-col gap-1 empty:hidden\">\n<div class=\"markdown prose dark:prose-invert w-full wrap-break-word light markdown-new-styling\">\n<p data-start=\"103\" data-end=\"365\"><em><strong>Un hombre de 36 a\u00f1os, que mantiene m\u00e1s de 33 reiteraciones por distintos delitos, fue detenido por personal de Carabineros tras agredir con un arma blanca a un funcionario policial para evadir una fiscalizaci\u00f3n en la poblaci\u00f3n 8 de Julio, en la comuna de Ovalle.<\/strong><\/em><\/p>\n<p data-start=\"367\" data-end=\"658\">De acuerdo con la informaci\u00f3n entregada por el capit\u00e1n de Carabineros Marcelo Gonz\u00e1lez, de la Tercera Comisar\u00eda de Ovalle, el procedimiento se registr\u00f3 cuando personal policial realizaba controles en el sector, momento en que el individuo reaccion\u00f3 violentamente para evitar ser fiscalizado.<\/p>\n<p data-start=\"660\" data-end=\"889\"><img loading=\"lazy\" decoding=\"async\" class=\"alignright wp-image-55987\" src=\"https:\/\/www.davidnoticias.cl\/wp-content\/uploads\/2026\/03\/Captura-de-pantalla-2026-03-11-174147-300x171.png\" sizes=\"auto, (max-width: 360px) 100vw, 360px\" srcset=\"https:\/\/www.davidnoticias.cl\/wp-content\/uploads\/2026\/03\/Captura-de-pantalla-2026-03-11-174147-300x171.png 300w, https:\/\/www.davidnoticias.cl\/wp-content\/uploads\/2026\/03\/Captura-de-pantalla-2026-03-11-174147-768x437.png 768w, https:\/\/www.davidnoticias.cl\/wp-content\/uploads\/2026\/03\/Captura-de-pantalla-2026-03-11-174147-696x396.png 696w, https:\/\/www.davidnoticias.cl\/wp-content\/uploads\/2026\/03\/Captura-de-pantalla-2026-03-11-174147-738x420.png 738w, https:\/\/www.davidnoticias.cl\/wp-content\/uploads\/2026\/03\/Captura-de-pantalla-2026-03-11-174147.png 792w\" alt=\"\" width=\"360\" height=\"205\" \/>Durante el incidente, el sujeto atac\u00f3 con un arma blanca a uno de los uniformados, provoc\u00e1ndole lesiones en su brazo izquierdo. Afortunadamente, y gracias a la r\u00e1pida reacci\u00f3n del funcionario, las heridas fueron de car\u00e1cter leve.<\/p>\n<p data-start=\"891\" data-end=\"1056\">Tras la agresi\u00f3n, Carabineros logr\u00f3 reducir y detener al individuo, quien cuenta con un amplio prontuario policial con m\u00e1s de 33 reiteraciones por distintos delitos.<\/p>\n<p data-start=\"1058\" data-end=\"1274\" data-is-last-node=\"\" data-is-only-node=\"\">El imputado pasar\u00e1 a control de detenci\u00f3n durante las pr\u00f3ximas horas y enfrentar\u00e1 cargos por\u00a0<strong data-start=\"1151\" data-end=\"1195\">homicidio frustrado contra un carabinero<\/strong>, mientras contin\u00faan las diligencias para esclarecer completamente lo ocurrido.<\/p>\n<\/div>\n<\/div>\n<\/div>\n<\/div>\n<\/div>\n<\/div>\n<\/article>\n<\/div>\n<\/div>\n","protected":false},"excerpt":{"rendered":"<p>\u00a0\u00a0\u00a0 Un hombre de 36 a\u00f1os, que mantiene m\u00e1s de 33 reiteraciones por distintos delitos, fue detenido por personal de Carabineros tras agredir con un arma blanca a un funcionario policial para evadir una fiscalizaci\u00f3n en la poblaci\u00f3n 8 de Julio, en la comuna de Ovalle. De acuerdo con la informaci\u00f3n entregada por el capit\u00e1n &hellip;<\/p>\n","protected":false},"author":2,"featured_media":12881,"comment_status":"closed","ping_status":"closed","sticky":false,"template":"","format":"standard","meta":{"footnotes":""},"categories":[2],"tags":[],"class_list":["post-12880","post","type-post","status-publish","format-standard","has-post-thumbnail","hentry","category-regionales"],"_links":{"self":[{"href":"https:\/\/www.elregional.cl\/index.php?rest_route=\/wp\/v2\/posts\/12880","targetHints":{"allow":["GET"]}}],"collection":[{"href":"https:\/\/www.elregional.cl\/index.php?rest_route=\/wp\/v2\/posts"}],"about":[{"href":"https:\/\/www.elregional.cl\/index.php?rest_route=\/wp\/v2\/types\/post"}],"author":[{"embeddable":true,"href":"https:\/\/www.elregional.cl\/index.php?rest_route=\/wp\/v2\/users\/2"}],"replies":[{"embeddable":true,"href":"https:\/\/www.elregional.cl\/index.php?rest_route=%2Fwp%2Fv2%2Fcomments&post=12880"}],"version-history":[{"count":1,"href":"https:\/\/www.elregional.cl\/index.php?rest_route=\/wp\/v2\/posts\/12880\/revisions"}],"predecessor-version":[{"id":12882,"href":"https:\/\/www.elregional.cl\/index.php?rest_route=\/wp\/v2\/posts\/12880\/revisions\/12882"}],"wp:featuredmedia":[{"embeddable":true,"href":"https:\/\/www.elregional.cl\/index.php?rest_route=\/wp\/v2\/media\/12881"}],"wp:attachment":[{"href":"https:\/\/www.elregional.cl\/index.php?rest_route=%2Fwp%2Fv2%2Fmedia&parent=12880"}],"wp:term":[{"taxonomy":"category","embeddable":true,"href":"https:\/\/www.elregional.cl\/index.php?rest_route=%2Fwp%2Fv2%2Fcategories&post=12880"},{"taxonomy":"post_tag","embeddable":true,"href":"https:\/\/www.elregional.cl\/index.php?rest_route=%2Fwp%2Fv2%2Ftags&post=12880"}],"curies":[{"name":"wp","href":"https:\/\/api.w.org\/{rel}","templated":true}]}}