{"id":12884,"date":"2026-03-12T16:47:17","date_gmt":"2026-03-12T16:47:17","guid":{"rendered":"https:\/\/www.elregional.cl\/?p=12884"},"modified":"2026-03-12T16:47:17","modified_gmt":"2026-03-12T16:47:17","slug":"coquimbo-recibe-a-crucero-borealis-y-refuerza-su-posicion-como-destino-internacional","status":"publish","type":"post","link":"https:\/\/www.elregional.cl\/?p=12884","title":{"rendered":"Coquimbo recibe a crucero Borealis y refuerza su posici\u00f3n como destino internacional"},"content":{"rendered":"<p>&nbsp;<\/p>\n<p>Andr\u00e9s Sandoval Zambrano.<\/p>\n<p>&nbsp;<\/p>\n<p>La llegada de la nave al Terminal Puerto Coquimbo, que arrib\u00f3 con cerca de 1.800 pasajeros, marca un nuevo hito para la temporada de cruceros y refleja el trabajo conjunto entre actores p\u00fablicos y privados para potenciar el turismo y la actividad econ\u00f3mica en la regi\u00f3n.<\/p>\n<p><img loading=\"lazy\" decoding=\"async\" class=\"alignnone size-medium wp-image-12885\" src=\"https:\/\/www.elregional.cl\/wp-content\/uploads\/2026\/03\/IMG-20260311-WA0043-225x300.jpg\" alt=\"\" width=\"225\" height=\"300\" srcset=\"https:\/\/www.elregional.cl\/wp-content\/uploads\/2026\/03\/IMG-20260311-WA0043-225x300.jpg 225w, https:\/\/www.elregional.cl\/wp-content\/uploads\/2026\/03\/IMG-20260311-WA0043-768x1024.jpg 768w, https:\/\/www.elregional.cl\/wp-content\/uploads\/2026\/03\/IMG-20260311-WA0043-1152x1536.jpg 1152w, https:\/\/www.elregional.cl\/wp-content\/uploads\/2026\/03\/IMG-20260311-WA0043.jpg 1200w\" sizes=\"auto, (max-width: 225px) 100vw, 225px\" \/><\/p>\n<p>\u2014 Este mi\u00e9rcoles recal\u00f3 en el Terminal Puerto Coquimbo (TPC) el crucero Borealis, consolidando una nueva escala internacional en la actual temporada de cruceros 2025-2026 y reafirmando el atractivo de la Regi\u00f3n de Coquimbo como destino tur\u00edstico del Pac\u00edfico Sur.<\/p>\n<p>Operada por la compa\u00f1\u00eda Fred. Olsen Cruise Lines y agenciada en Chile por Inchcape Shipping Services, la nave \u2014construida en 1997 y de 238 metros de eslora\u2014 arrib\u00f3 al puerto con cerca de 1.800 pasajeros y tripulantes, quienes recorrieron distintos atractivos tur\u00edsticos, patrimoniales y gastron\u00f3micos de la zona, aportando al dinamismo econ\u00f3mico local.<\/p>\n<p>Desde TPC destacaron que cada recalada implica un trabajo coordinado entre actores p\u00fablicos y privados para garantizar operaciones seguras y una experiencia positiva tanto para los visitantes como para la comunidad local.<\/p>\n<p>El subgerente de Planificaci\u00f3n de TPC, Daslav Watts, se\u00f1al\u00f3 que: \u201cLa llegada del Borealis refleja el posicionamiento que ha alcanzado Coquimbo dentro de las rutas internacionales de cruceros. Como Terminal, trabajamos permanentemente para ofrecer altos est\u00e1ndares operacionales, seguridad y coordinaci\u00f3n log\u00edstica, permitiendo que las recaladas se desarrollen de manera eficiente y aporten al desarrollo tur\u00edstico regional\u201d.<\/p>\n<p>Por su parte, Rodrigo Soto, Marine Service Manager Chile de Inchcape Shipping Services, agencia encargada de la atenci\u00f3n de la nave, valoraron la operaci\u00f3n y el trabajo conjunto desarrollado en el puerto: \u201cCoquimbo se ha consolidado como un destino confiable y atractivo para las l\u00edneas de cruceros, gracias a la coordinaci\u00f3n entre el terminal, autoridades y servicios locales, lo que permite entregar una experiencia fluida tanto para las naves como para sus pasajeros\u201d.<\/p>\n<p>En tanto, el Gobierno Regional de Coquimbo destac\u00f3 el impacto positivo que genera la industria de cruceros en la econom\u00eda local y el turismo regional: \u201cEstamos muy contentos de recibir en el Puerto de Coquimbo al crucero Borealis con cerca de 1.800 pasajeros. Este arribo refleja las enormes potencialidades que tiene nuestro puerto para seguir consolid\u00e1ndose como una puerta de entrada tur\u00edstica para la Regi\u00f3n de Coquimbo. Contamos con un puerto estrat\u00e9gico, con condiciones naturales privilegiadas, una ubicaci\u00f3n clave y una oferta tur\u00edstica \u00fanica que combina patrimonio, gastronom\u00eda y paisajes. Cada crucero que llega representa una gran oportunidad para dinamizar la econom\u00eda local y mostrar al mundo todo lo que nuestra regi\u00f3n tiene para ofrecer.<\/p>\n<p>Nuestro desaf\u00edo es seguir fortaleciendo esta industria, trabajando de manera coordinada para atraer m\u00e1s cruceros y proyectar al Puerto como un punto relevante del Corredor Bioce\u00e1nico Central, que busca unir el Atl\u00e1ntico con el Pac\u00edfico a trav\u00e9s de la Regi\u00f3n de Coquimbo.\u00bb<\/p>\n<p>Finalmente, el gerente general de la Empresa Portuaria Coquimbo indic\u00f3 que: \u201cHoy recibimos en el puerto la nave de pasajeros Borealis, que\u00a0recala en Coquimbo por primera vez. Su llegada representa una nueva oportunidad para seguir fortaleciendo la actividad tur\u00edstica y portuaria de la regi\u00f3n. Esta atenci\u00f3n se desarroll\u00f3 conforme a lo planificado, permitiendo continuar con el calendario de recaladas programadas para la temporada. Con esta operaci\u00f3n, seguimos avanzando de acuerdo con lo previsto en el desarrollo de las atenciones proyectadas\u00a0hasta el 31 de marzo, reforzando el posicionamiento de Coquimbo como un destino atractivo y confiable para la industria de cruceros\u201d.<\/p>\n<p>La llegada del crucero Borealis se suma a una temporada de cruceros que contin\u00faa dinamizando la actividad tur\u00edstica y econ\u00f3mica de la regi\u00f3n, proyectando a Coquimbo como un destino cada vez m\u00e1s presente en las rutas internacionales del Pac\u00edfico Sur. De esta manera, el Terminal Puerto Coquimbo consolida su papel como puerta de entrada mar\u00edtima para visitantes de todo el mundo y como un actor estrat\u00e9gico en el desarrollo portuario y tur\u00edstico del norte del pa\u00eds.<\/p>\n<p><img loading=\"lazy\" decoding=\"async\" class=\"alignnone size-medium wp-image-12886\" src=\"https:\/\/www.elregional.cl\/wp-content\/uploads\/2026\/03\/20260311_132608-300x195.jpg\" alt=\"\" width=\"300\" height=\"195\" srcset=\"https:\/\/www.elregional.cl\/wp-content\/uploads\/2026\/03\/20260311_132608-300x195.jpg 300w, https:\/\/www.elregional.cl\/wp-content\/uploads\/2026\/03\/20260311_132608-1024x666.jpg 1024w, https:\/\/www.elregional.cl\/wp-content\/uploads\/2026\/03\/20260311_132608-768x499.jpg 768w, https:\/\/www.elregional.cl\/wp-content\/uploads\/2026\/03\/20260311_132608-1536x999.jpg 1536w, https:\/\/www.elregional.cl\/wp-content\/uploads\/2026\/03\/20260311_132608-2048x1331.jpg 2048w\" sizes=\"auto, (max-width: 300px) 100vw, 300px\" \/><\/p>\n","protected":false},"excerpt":{"rendered":"<p>&nbsp; Andr\u00e9s Sandoval Zambrano. &nbsp; La llegada de la nave al Terminal Puerto Coquimbo, que arrib\u00f3 con cerca de 1.800 pasajeros, marca un nuevo hito para la temporada de cruceros y refleja el trabajo conjunto entre actores p\u00fablicos y privados para potenciar el turismo y la actividad econ\u00f3mica en la regi\u00f3n. \u2014 Este mi\u00e9rcoles recal\u00f3 &hellip;<\/p>\n","protected":false},"author":2,"featured_media":12886,"comment_status":"closed","ping_status":"closed","sticky":false,"template":"","format":"standard","meta":{"footnotes":""},"categories":[2],"tags":[],"class_list":["post-12884","post","type-post","status-publish","format-standard","has-post-thumbnail","hentry","category-regionales"],"_links":{"self":[{"href":"https:\/\/www.elregional.cl\/index.php?rest_route=\/wp\/v2\/posts\/12884","targetHints":{"allow":["GET"]}}],"collection":[{"href":"https:\/\/www.elregional.cl\/index.php?rest_route=\/wp\/v2\/posts"}],"about":[{"href":"https:\/\/www.elregional.cl\/index.php?rest_route=\/wp\/v2\/types\/post"}],"author":[{"embeddable":true,"href":"https:\/\/www.elregional.cl\/index.php?rest_route=\/wp\/v2\/users\/2"}],"replies":[{"embeddable":true,"href":"https:\/\/www.elregional.cl\/index.php?rest_route=%2Fwp%2Fv2%2Fcomments&post=12884"}],"version-history":[{"count":1,"href":"https:\/\/www.elregional.cl\/index.php?rest_route=\/wp\/v2\/posts\/12884\/revisions"}],"predecessor-version":[{"id":12887,"href":"https:\/\/www.elregional.cl\/index.php?rest_route=\/wp\/v2\/posts\/12884\/revisions\/12887"}],"wp:featuredmedia":[{"embeddable":true,"href":"https:\/\/www.elregional.cl\/index.php?rest_route=\/wp\/v2\/media\/12886"}],"wp:attachment":[{"href":"https:\/\/www.elregional.cl\/index.php?rest_route=%2Fwp%2Fv2%2Fmedia&parent=12884"}],"wp:term":[{"taxonomy":"category","embeddable":true,"href":"https:\/\/www.elregional.cl\/index.php?rest_route=%2Fwp%2Fv2%2Fcategories&post=12884"},{"taxonomy":"post_tag","embeddable":true,"href":"https:\/\/www.elregional.cl\/index.php?rest_route=%2Fwp%2Fv2%2Ftags&post=12884"}],"curies":[{"name":"wp","href":"https:\/\/api.w.org\/{rel}","templated":true}]}}