{"id":12889,"date":"2026-03-13T19:27:00","date_gmt":"2026-03-13T19:27:00","guid":{"rendered":"https:\/\/www.elregional.cl\/?p=12889"},"modified":"2026-03-13T19:27:00","modified_gmt":"2026-03-13T19:27:00","slug":"fuerte-sismo-sacudio-la-region-de-coquimbo","status":"publish","type":"post","link":"https:\/\/www.elregional.cl\/?p=12889","title":{"rendered":"Fuerte sismo sacudi\u00f3 la Regi\u00f3n de Coquimbo"},"content":{"rendered":"<div class=\"td-post-header\">\n<header class=\"td-post-title\">\n<h1 class=\"entry-title\"><\/h1>\n<\/header>\n<\/div>\n<div class=\"td-post-content\">\n<div class=\"td-post-sharing-top\">\n<div id=\"td_social_sharing_article_top\" class=\"td-post-sharing td-ps-bg td-ps-notext td-post-sharing-style1 \">\n<div class=\"td-post-sharing-visible\">\n<div class=\"td-social-but-icon\"><\/div>\n<\/div>\n<\/div>\n<\/div>\n<p>Un movimiento s\u00edsmico ha sido registrado a las 10:39 horas (hora local).<\/p>\n<p><span id=\"more-206540\"><\/span>De acuerdo a la informaci\u00f3n oficial proporcionada por el\u00a0<a href=\"https:\/\/www.sismologia.cl\/\" target=\"_blank\" rel=\"noreferrer noopener\">Centro Sismol\u00f3gico Nacional<\/a>, el evento tel\u00farico tuvo una magnitud de 6.5 Mwp grados.<\/p>\n<p>El epicentro fue localizado a 41 km al SO de Huasco, con una profundidad de 27 km.<\/p>\n<h3 class=\"wp-block-heading\">Evaluaci\u00f3n de afectaci\u00f3n<\/h3>\n<p>Los organismos de emergencia del Sistema Nacional de Prevenci\u00f3n y Respuesta ante Desastres (SENAPRED) se encuentran monitoreando la situaci\u00f3n para evaluar eventuales da\u00f1os a personas, alteraci\u00f3n a servicios b\u00e1sicos o infraestructura producto de este sismo.<\/p>\n<\/div>\n","protected":false},"excerpt":{"rendered":"<p>Un movimiento s\u00edsmico ha sido registrado a las 10:39 horas (hora local). De acuerdo a la informaci\u00f3n oficial proporcionada por el\u00a0Centro Sismol\u00f3gico Nacional, el evento tel\u00farico tuvo una magnitud de 6.5 Mwp grados. El epicentro fue localizado a 41 km al SO de Huasco, con una profundidad de 27 km. Evaluaci\u00f3n de afectaci\u00f3n Los organismos &hellip;<\/p>\n","protected":false},"author":2,"featured_media":12085,"comment_status":"closed","ping_status":"closed","sticky":false,"template":"","format":"standard","meta":{"footnotes":""},"categories":[2],"tags":[],"class_list":["post-12889","post","type-post","status-publish","format-standard","has-post-thumbnail","hentry","category-regionales"],"_links":{"self":[{"href":"https:\/\/www.elregional.cl\/index.php?rest_route=\/wp\/v2\/posts\/12889","targetHints":{"allow":["GET"]}}],"collection":[{"href":"https:\/\/www.elregional.cl\/index.php?rest_route=\/wp\/v2\/posts"}],"about":[{"href":"https:\/\/www.elregional.cl\/index.php?rest_route=\/wp\/v2\/types\/post"}],"author":[{"embeddable":true,"href":"https:\/\/www.elregional.cl\/index.php?rest_route=\/wp\/v2\/users\/2"}],"replies":[{"embeddable":true,"href":"https:\/\/www.elregional.cl\/index.php?rest_route=%2Fwp%2Fv2%2Fcomments&post=12889"}],"version-history":[{"count":1,"href":"https:\/\/www.elregional.cl\/index.php?rest_route=\/wp\/v2\/posts\/12889\/revisions"}],"predecessor-version":[{"id":12890,"href":"https:\/\/www.elregional.cl\/index.php?rest_route=\/wp\/v2\/posts\/12889\/revisions\/12890"}],"wp:featuredmedia":[{"embeddable":true,"href":"https:\/\/www.elregional.cl\/index.php?rest_route=\/wp\/v2\/media\/12085"}],"wp:attachment":[{"href":"https:\/\/www.elregional.cl\/index.php?rest_route=%2Fwp%2Fv2%2Fmedia&parent=12889"}],"wp:term":[{"taxonomy":"category","embeddable":true,"href":"https:\/\/www.elregional.cl\/index.php?rest_route=%2Fwp%2Fv2%2Fcategories&post=12889"},{"taxonomy":"post_tag","embeddable":true,"href":"https:\/\/www.elregional.cl\/index.php?rest_route=%2Fwp%2Fv2%2Ftags&post=12889"}],"curies":[{"name":"wp","href":"https:\/\/api.w.org\/{rel}","templated":true}]}}