{"id":12893,"date":"2026-03-13T19:30:29","date_gmt":"2026-03-13T19:30:29","guid":{"rendered":"https:\/\/www.elregional.cl\/?p=12893"},"modified":"2026-03-13T19:30:29","modified_gmt":"2026-03-13T19:30:29","slug":"en-ovalle-ya-trabajan-el-plan-de-invierno-2026-para-mitigar-riesgos-ante-posibles-precipitaciones","status":"publish","type":"post","link":"https:\/\/www.elregional.cl\/?p=12893","title":{"rendered":"En Ovalle ya trabajan el Plan de Invierno 2026 para mitigar riesgos ante posibles precipitaciones"},"content":{"rendered":"<div class=\"td_block_wrap tdb_title tdi_48 tdb-single-title td-pb-border-top td_block_template_1\" data-td-block-uid=\"tdi_48\">\n<div class=\"tdb-block-inner td-fix-index\">\n<h1 class=\"tdb-title-text\"><\/h1>\n<div><\/div>\n<\/div>\n<\/div>\n<div class=\"td_block_wrap tdb_single_author tdi_50 td-pb-border-top td_block_template_1 tdb-post-meta\" data-td-block-uid=\"tdi_50\">\n<div class=\"tdb-block-inner td-fix-index\">\n<div class=\"tdb-author-name-wrap\"><span class=\"tdb-author-by\">By<\/span><a class=\"tdb-author-name\" href=\"https:\/\/ovallehoy.cl\/author\/angelo-lancellotti\/\">Equipo OvalleHOY<\/a><\/div>\n<\/div>\n<\/div>\n<div class=\"td_block_wrap tdb_single_date tdi_51 td-pb-border-top td_block_template_1 tdb-post-meta\" data-td-block-uid=\"tdi_51\">\n<div class=\"tdb-block-inner td-fix-index\"><\/div>\n<\/div>\n<div class=\"td_block_wrap tdb_single_content tdi_55 td-pb-border-top td_block_template_1 td-post-content tagdiv-type\" data-td-block-uid=\"tdi_55\">\n<div class=\"tdb-block-inner td-fix-index\">\n<p><strong>La Oficina Municipal de Emergencia inici\u00f3 las labores de limpieza de colectores y despeje de puntos cr\u00edticos en diversos sectores urbanos, con el objetivo de asegurar el correcto escurrimiento de aguas y prevenir anegamientos en la temporada invernal.<\/strong><\/p>\n<p>Con el prop\u00f3sito de anticiparse a las condiciones clim\u00e1ticas de los pr\u00f3ximos meses, la Municipalidad de Ovalle inici\u00f3 oficialmente la ejecuci\u00f3n de su cronograma anual de prevenci\u00f3n bajo el denominado Plan de Invierno. Las cuadrillas operativas comenzaron las intervenciones el pasado 19 de febrero, centrando sus esfuerzos en la limpieza exhaustiva de colectores de aguas lluvias y en el despeje de aquellos sectores que hist\u00f3ricamente se consideran cr\u00edticos por la acumulaci\u00f3n de sedimentos y desechos.<\/p>\n<p>Hasta la fecha, el despliegue municipal ha abarcado \u00e1reas estrat\u00e9gicas de la ciudad, incluyendo la limpieza completa del Parque Ingl\u00e9s y el sector El Portal. Asimismo, se han realizado faenas de mantenimiento en Mirador Oriente, calle Miraflores y la denominada \u201cEscalera del Diablo\u201d.<\/p>\n<p>En la Poblaci\u00f3n 8 de Julio, los trabajos se han focalizado en el despeje de basura domiciliaria desde los canales y colectores principales, con especial \u00e9nfasis en la intersecci\u00f3n de Los Lirios con Las Palmas, para evitar obstrucciones que pongan en riesgo las viviendas del sector.<\/p>\n<p>Las labores tambi\u00e9n han llegado al barrio Fray Jorge, cubriendo los sectores de Victoria, Las Tranqueras y La Chimba, mientras que durante la presente jornada se retomaron las intervenciones en calle Miguel Aguirre.<\/p>\n<p>El alcalde de H\u00e9ctor Vega Campusano destac\u00f3 la importancia de estas acciones preventivas y se\u00f1al\u00f3 que \u201cestamos trabajando con anticipaci\u00f3n para preparar la ciudad frente a la temporada de lluvias. Nuestro objetivo es intervenir los puntos cr\u00edticos, limpiar colectores y canales, y as\u00ed disminuir los riesgos para nuestros vecinos y vecinas. Este es un trabajo que realizamos de manera planificada, pero tambi\u00e9n necesitamos el apoyo de la comunidad para mantener estos espacios libres de basura\u201d.<\/p>\n<figure class=\"wp-block-gallery has-nested-images columns-default is-cropped wp-block-gallery-1 is-layout-flex wp-block-gallery-is-layout-flex\">\n<figure class=\"wp-block-image size-large\"><a class=\"td-modal-image\" href=\"https:\/\/ovallehoy.cl\/wp-content\/uploads\/2026\/03\/trabajos-campana-invierno.jpeg\"><img loading=\"lazy\" decoding=\"async\" class=\"wp-image-122866 td-animation-stack-type0-2\" src=\"https:\/\/ovallehoy.cl\/wp-content\/uploads\/2026\/03\/trabajos-campana-invierno-1024x576.jpeg\" sizes=\"auto, (max-width: 1024px) 100vw, 1024px\" srcset=\"https:\/\/ovallehoy.cl\/wp-content\/uploads\/2026\/03\/trabajos-campana-invierno-1024x576.jpeg 1024w, https:\/\/ovallehoy.cl\/wp-content\/uploads\/2026\/03\/trabajos-campana-invierno-300x169.jpeg 300w, https:\/\/ovallehoy.cl\/wp-content\/uploads\/2026\/03\/trabajos-campana-invierno-768x432.jpeg 768w, https:\/\/ovallehoy.cl\/wp-content\/uploads\/2026\/03\/trabajos-campana-invierno-1536x864.jpeg 1536w, https:\/\/ovallehoy.cl\/wp-content\/uploads\/2026\/03\/trabajos-campana-invierno-747x420.jpeg 747w, https:\/\/ovallehoy.cl\/wp-content\/uploads\/2026\/03\/trabajos-campana-invierno-150x84.jpeg 150w, https:\/\/ovallehoy.cl\/wp-content\/uploads\/2026\/03\/trabajos-campana-invierno-696x392.jpeg 696w, https:\/\/ovallehoy.cl\/wp-content\/uploads\/2026\/03\/trabajos-campana-invierno-1068x601.jpeg 1068w, https:\/\/ovallehoy.cl\/wp-content\/uploads\/2026\/03\/trabajos-campana-invierno.jpeg 1600w\" alt=\"\" width=\"1024\" height=\"576\" data-id=\"122866\" \/><\/a><\/figure>\n<\/figure>\n<p>Al respecto, la encargada de la Oficina Municipal de Emergencia de Ovalle, Ver\u00f3nica Palacios, destac\u00f3 la importancia de estas acciones tempranas, se\u00f1alando que \u00abnuestra prioridad es intervenir los puntos de mayor vulnerabilidad antes de que lleguen las primeras precipitaciones. Estamos trabajando de manera programada para que la infraestructura urbana responda correctamente y as\u00ed brindar tranquilidad a las familias ovallinas\u00bb.<\/p>\n<\/div>\n<\/div>\n","protected":false},"excerpt":{"rendered":"<p>ByEquipo OvalleHOY La Oficina Municipal de Emergencia inici\u00f3 las labores de limpieza de colectores y despeje de puntos cr\u00edticos en diversos sectores urbanos, con el objetivo de asegurar el correcto escurrimiento de aguas y prevenir anegamientos en la temporada invernal. Con el prop\u00f3sito de anticiparse a las condiciones clim\u00e1ticas de los pr\u00f3ximos meses, la Municipalidad &hellip;<\/p>\n","protected":false},"author":2,"featured_media":12894,"comment_status":"closed","ping_status":"closed","sticky":false,"template":"","format":"standard","meta":{"footnotes":""},"categories":[2],"tags":[],"class_list":["post-12893","post","type-post","status-publish","format-standard","has-post-thumbnail","hentry","category-regionales"],"_links":{"self":[{"href":"https:\/\/www.elregional.cl\/index.php?rest_route=\/wp\/v2\/posts\/12893","targetHints":{"allow":["GET"]}}],"collection":[{"href":"https:\/\/www.elregional.cl\/index.php?rest_route=\/wp\/v2\/posts"}],"about":[{"href":"https:\/\/www.elregional.cl\/index.php?rest_route=\/wp\/v2\/types\/post"}],"author":[{"embeddable":true,"href":"https:\/\/www.elregional.cl\/index.php?rest_route=\/wp\/v2\/users\/2"}],"replies":[{"embeddable":true,"href":"https:\/\/www.elregional.cl\/index.php?rest_route=%2Fwp%2Fv2%2Fcomments&post=12893"}],"version-history":[{"count":1,"href":"https:\/\/www.elregional.cl\/index.php?rest_route=\/wp\/v2\/posts\/12893\/revisions"}],"predecessor-version":[{"id":12895,"href":"https:\/\/www.elregional.cl\/index.php?rest_route=\/wp\/v2\/posts\/12893\/revisions\/12895"}],"wp:featuredmedia":[{"embeddable":true,"href":"https:\/\/www.elregional.cl\/index.php?rest_route=\/wp\/v2\/media\/12894"}],"wp:attachment":[{"href":"https:\/\/www.elregional.cl\/index.php?rest_route=%2Fwp%2Fv2%2Fmedia&parent=12893"}],"wp:term":[{"taxonomy":"category","embeddable":true,"href":"https:\/\/www.elregional.cl\/index.php?rest_route=%2Fwp%2Fv2%2Fcategories&post=12893"},{"taxonomy":"post_tag","embeddable":true,"href":"https:\/\/www.elregional.cl\/index.php?rest_route=%2Fwp%2Fv2%2Ftags&post=12893"}],"curies":[{"name":"wp","href":"https:\/\/api.w.org\/{rel}","templated":true}]}}