{"id":12897,"date":"2026-03-13T19:36:22","date_gmt":"2026-03-13T19:36:22","guid":{"rendered":"https:\/\/www.elregional.cl\/?p=12897"},"modified":"2026-03-13T19:36:22","modified_gmt":"2026-03-13T19:36:22","slug":"chile-se-convierte-en-el-tercer-pais-del-planeta-con-mas-kilometros-de-oceano-protegido","status":"publish","type":"post","link":"https:\/\/www.elregional.cl\/?p=12897","title":{"rendered":"Chile se convierte en el tercer pa\u00eds del planeta con m\u00e1s kil\u00f3metros de oc\u00e9ano protegido"},"content":{"rendered":"<p>La ampliaci\u00f3n de los parques marinos Nazca\u2013Desventuradas y Mar de Juan Fern\u00e1ndez suma cerca de 360 mil km\u00b2 de \u00e1reas bajo resguardo. Con ello, el pa\u00eds supera el 50% de protecci\u00f3n de su Zona Econ\u00f3mica Exclusiva y fortalece su liderazgo mundial en conservaci\u00f3n marina.<\/p>\n<p>Chile dio un nuevo paso en la protecci\u00f3n de los oc\u00e9anos al ampliar los parques marinos Nazca\u2013Desventuradas y Mar de Juan Fern\u00e1ndez, una decisi\u00f3n que eleva a 947.142 kil\u00f3metros cuadrados la superficie marina bajo resguardo y posiciona al pa\u00eds como el tercero del mundo con mayor extensi\u00f3n de oc\u00e9ano protegido.<br \/>\nLa medida fue oficializada mediante un decreto que incorpora cerca de 360.000 km\u00b2 adicionales de protecci\u00f3n estricta, consolidando adem\u00e1s a este sistema como la tercera \u00e1rea marina completamente protegida m\u00e1s grande del planeta. Con ello, Chile supera el 50% de protecci\u00f3n de su Zona Econ\u00f3mica Exclusiva y refuerza su compromiso con la meta internacional 30&#215;30, que busca proteger al menos el 30% del oc\u00e9ano mundial al a\u00f1o 2030.<br \/>\nLas \u00e1reas protegidas rodean los remotos archipi\u00e9lagos de Juan Fern\u00e1ndez y Desventuradas, parte de una cadena de montes submarinos que alberga altos niveles de biodiversidad y especies \u00fanicas. En estas aguas habitan especies end\u00e9micas como el lobo fino y la langosta de Juan Fern\u00e1ndez, adem\u00e1s de ballenas, tiburones, tortugas marinas y aves oce\u00e1nicas que utilizan la zona como corredor migratorio.<br \/>\nLa iniciativa surgi\u00f3 desde la propia comunidad de Juan Fern\u00e1ndez, cuyos pescadores artesanales han gestionado de forma sostenible la pesquer\u00eda de langosta por m\u00e1s de un siglo. Julio Chamorro Sol\u00eds, presidente del Consejo Local de Gesti\u00f3n de las \u00e1reas marinas protegidas del archipi\u00e9lago, destac\u00f3 que la conservaci\u00f3n forma parte de la identidad de la isla. \u201cDesde los primeros a\u00f1os de la colonia nuestra comunidad ya proteg\u00eda especies y regulaba sus recursos. A nuestra generaci\u00f3n le toc\u00f3 dar el paso de proteger tambi\u00e9n el mar\u201d, afirm\u00f3.<br \/>\nEl alcalde de Juan Fern\u00e1ndez valor\u00f3 el rol hist\u00f3rico de la comunidad en este proceso. \u201cEste hito nace del liderazgo de nuestra comunidad insular y del trabajo del Consejo del Mar. Es tambi\u00e9n el resultado de un esfuerzo que comenz\u00f3 con la Presidenta Bachelet, continu\u00f3 con el Presidente Pi\u00f1era y hoy culmina con el Presidente Boric, posicionando a Chile como una potencia en conservaci\u00f3n marina\u201d, se\u00f1al\u00f3.<br \/>\nEl senador Ricardo Lagos Weber subray\u00f3 el car\u00e1cter hist\u00f3rico de la decisi\u00f3n y el impacto del liderazgo local. \u201cLiderada por la comunidad de Juan Fern\u00e1ndez, esta expansi\u00f3n demuestra c\u00f3mo el liderazgo local puede impulsar uno de los avances m\u00e1s significativos de Chile en la conservaci\u00f3n del oc\u00e9ano\u201d, sostuvo.<\/p>\n<p>Fuente: https:\/\/www.soychile.cl\/santiago\/sostenibilidad\/2026\/03\/10\/943335\/chile-proteccion-oceanos-tercer-pais.html<br \/>\nSitio:Soychile.cl<\/p>\n","protected":false},"excerpt":{"rendered":"<p>La ampliaci\u00f3n de los parques marinos Nazca\u2013Desventuradas y Mar de Juan Fern\u00e1ndez suma cerca de 360 mil km\u00b2 de \u00e1reas bajo resguardo. Con ello, el pa\u00eds supera el 50% de protecci\u00f3n de su Zona Econ\u00f3mica Exclusiva y fortalece su liderazgo mundial en conservaci\u00f3n marina. Chile dio un nuevo paso en la protecci\u00f3n de los oc\u00e9anos &hellip;<\/p>\n","protected":false},"author":2,"featured_media":12898,"comment_status":"closed","ping_status":"closed","sticky":false,"template":"","format":"standard","meta":{"footnotes":""},"categories":[3],"tags":[],"class_list":["post-12897","post","type-post","status-publish","format-standard","has-post-thumbnail","hentry","category-pais"],"_links":{"self":[{"href":"https:\/\/www.elregional.cl\/index.php?rest_route=\/wp\/v2\/posts\/12897","targetHints":{"allow":["GET"]}}],"collection":[{"href":"https:\/\/www.elregional.cl\/index.php?rest_route=\/wp\/v2\/posts"}],"about":[{"href":"https:\/\/www.elregional.cl\/index.php?rest_route=\/wp\/v2\/types\/post"}],"author":[{"embeddable":true,"href":"https:\/\/www.elregional.cl\/index.php?rest_route=\/wp\/v2\/users\/2"}],"replies":[{"embeddable":true,"href":"https:\/\/www.elregional.cl\/index.php?rest_route=%2Fwp%2Fv2%2Fcomments&post=12897"}],"version-history":[{"count":1,"href":"https:\/\/www.elregional.cl\/index.php?rest_route=\/wp\/v2\/posts\/12897\/revisions"}],"predecessor-version":[{"id":12899,"href":"https:\/\/www.elregional.cl\/index.php?rest_route=\/wp\/v2\/posts\/12897\/revisions\/12899"}],"wp:featuredmedia":[{"embeddable":true,"href":"https:\/\/www.elregional.cl\/index.php?rest_route=\/wp\/v2\/media\/12898"}],"wp:attachment":[{"href":"https:\/\/www.elregional.cl\/index.php?rest_route=%2Fwp%2Fv2%2Fmedia&parent=12897"}],"wp:term":[{"taxonomy":"category","embeddable":true,"href":"https:\/\/www.elregional.cl\/index.php?rest_route=%2Fwp%2Fv2%2Fcategories&post=12897"},{"taxonomy":"post_tag","embeddable":true,"href":"https:\/\/www.elregional.cl\/index.php?rest_route=%2Fwp%2Fv2%2Ftags&post=12897"}],"curies":[{"name":"wp","href":"https:\/\/api.w.org\/{rel}","templated":true}]}}