{"id":12901,"date":"2026-03-14T15:11:54","date_gmt":"2026-03-14T15:11:54","guid":{"rendered":"https:\/\/www.elregional.cl\/?p=12901"},"modified":"2026-03-14T15:11:54","modified_gmt":"2026-03-14T15:11:54","slug":"intervencion-policial-en-punta-mira-concluye-con-once-detenidos","status":"publish","type":"post","link":"https:\/\/www.elregional.cl\/?p=12901","title":{"rendered":"Intervenci\u00f3n policial en Punta Mira concluye con once detenidos"},"content":{"rendered":"<div class=\"td-post-header\">\n<header class=\"td-post-title\">\n<h1 class=\"entry-title\"><\/h1>\n<\/header>\n<\/div>\n<div class=\"td-post-content\">\n<div class=\"td-post-sharing-top\">\n<div id=\"td_social_sharing_article_top\" class=\"td-post-sharing td-ps-bg td-ps-notext td-post-sharing-style1 \">\n<div class=\"td-post-sharing-visible\">\n<div class=\"td-social-but-icon\"><\/div>\n<\/div>\n<\/div>\n<\/div>\n<p><em>En un despliegue reforzado de\u00a0<a title=\"\" href=\"https:\/\/www.carabineros.cl\/\" target=\"_blank\" rel=\"noopener\">Carabineros<\/a>\u00a0que se extendi\u00f3 por casi tres horas, la polic\u00eda uniformada detuvo a ocho pr\u00f3fugos de la Justicia, adem\u00e1s de tres individuos por delitos flagrantes.<\/em><\/p>\n<p><span id=\"more-206560\"><\/span>Fueron tres horas de presencia reforzada. M\u00e1s de 180 controles, despliegues motorizados y fiscalizaciones que concluyeron con once detenidos: uno por falsificaci\u00f3n de instrumento p\u00fablico, uno por falta de respeto a la autoridad, uno por porte de arma blanca y ocho pr\u00f3fugos de la Juticia.<\/p>\n<p>El epicentro del trabajo estuvo en Punta Mira, lugar donde se desplegaron distintas unidades de Carabineros, encabezadas por la Prefectura Coquimbo, para poner en pie un operativo enfocado en fortalecer la seguridad y entregar tranquilidad a las familias del sector.<\/p>\n<h2 class=\"wp-block-heading\">Teniente<\/h2>\n<figure class=\"wp-block-image size-large\"><img loading=\"lazy\" decoding=\"async\" class=\"wp-image-206562\" src=\"https:\/\/laserenaonline.cl\/wp-content\/uploads\/2026\/03\/fiscalizacion-1-1024x576.jpg\" sizes=\"auto, (max-width: 1024px) 100vw, 1024px\" srcset=\"https:\/\/laserenaonline.cl\/wp-content\/uploads\/2026\/03\/fiscalizacion-1-1024x576.jpg 1024w, https:\/\/laserenaonline.cl\/wp-content\/uploads\/2026\/03\/fiscalizacion-1-300x169.jpg 300w, https:\/\/laserenaonline.cl\/wp-content\/uploads\/2026\/03\/fiscalizacion-1-768x432.jpg 768w, https:\/\/laserenaonline.cl\/wp-content\/uploads\/2026\/03\/fiscalizacion-1-747x420.jpg 747w, https:\/\/laserenaonline.cl\/wp-content\/uploads\/2026\/03\/fiscalizacion-1-696x392.jpg 696w, https:\/\/laserenaonline.cl\/wp-content\/uploads\/2026\/03\/fiscalizacion-1-1068x601.jpg 1068w, https:\/\/laserenaonline.cl\/wp-content\/uploads\/2026\/03\/fiscalizacion-1.jpg 1280w\" alt=\"\" width=\"1024\" height=\"576\" \/><\/figure>\n<p>\u201cLa comunidad es el eje central de nuestro trabajo diario y su tranquilidad, nuestro objetivo principal. Por ello, se dispuso un despliegue reforzado, adicional al que desarrollamos diariamente, con el objetivo de que las familias se sientan seguras. Colocamos todos nuestros recursos al servicio de las personas, desde carabineros a pie hasta motos y especialidades, para prevenir los delitos y disminuir las incivilidades, lo que se reflej\u00f3 de manera directa en el alto n\u00famero de detenidos\u201d, indic\u00f3 la Teniente Bel\u00e9n Rodr\u00edguez, jefa de la Tenencia Coquimbo Oriente, a cargo de la seguridad del sector.<\/p>\n<\/div>\n","protected":false},"excerpt":{"rendered":"<p>En un despliegue reforzado de\u00a0Carabineros\u00a0que se extendi\u00f3 por casi tres horas, la polic\u00eda uniformada detuvo a ocho pr\u00f3fugos de la Justicia, adem\u00e1s de tres individuos por delitos flagrantes. Fueron tres horas de presencia reforzada. M\u00e1s de 180 controles, despliegues motorizados y fiscalizaciones que concluyeron con once detenidos: uno por falsificaci\u00f3n de instrumento p\u00fablico, uno por &hellip;<\/p>\n","protected":false},"author":2,"featured_media":12902,"comment_status":"closed","ping_status":"closed","sticky":false,"template":"","format":"standard","meta":{"footnotes":""},"categories":[2],"tags":[],"class_list":["post-12901","post","type-post","status-publish","format-standard","has-post-thumbnail","hentry","category-regionales"],"_links":{"self":[{"href":"https:\/\/www.elregional.cl\/index.php?rest_route=\/wp\/v2\/posts\/12901","targetHints":{"allow":["GET"]}}],"collection":[{"href":"https:\/\/www.elregional.cl\/index.php?rest_route=\/wp\/v2\/posts"}],"about":[{"href":"https:\/\/www.elregional.cl\/index.php?rest_route=\/wp\/v2\/types\/post"}],"author":[{"embeddable":true,"href":"https:\/\/www.elregional.cl\/index.php?rest_route=\/wp\/v2\/users\/2"}],"replies":[{"embeddable":true,"href":"https:\/\/www.elregional.cl\/index.php?rest_route=%2Fwp%2Fv2%2Fcomments&post=12901"}],"version-history":[{"count":1,"href":"https:\/\/www.elregional.cl\/index.php?rest_route=\/wp\/v2\/posts\/12901\/revisions"}],"predecessor-version":[{"id":12903,"href":"https:\/\/www.elregional.cl\/index.php?rest_route=\/wp\/v2\/posts\/12901\/revisions\/12903"}],"wp:featuredmedia":[{"embeddable":true,"href":"https:\/\/www.elregional.cl\/index.php?rest_route=\/wp\/v2\/media\/12902"}],"wp:attachment":[{"href":"https:\/\/www.elregional.cl\/index.php?rest_route=%2Fwp%2Fv2%2Fmedia&parent=12901"}],"wp:term":[{"taxonomy":"category","embeddable":true,"href":"https:\/\/www.elregional.cl\/index.php?rest_route=%2Fwp%2Fv2%2Fcategories&post=12901"},{"taxonomy":"post_tag","embeddable":true,"href":"https:\/\/www.elregional.cl\/index.php?rest_route=%2Fwp%2Fv2%2Ftags&post=12901"}],"curies":[{"name":"wp","href":"https:\/\/api.w.org\/{rel}","templated":true}]}}