{"id":12921,"date":"2026-03-23T04:42:19","date_gmt":"2026-03-23T04:42:19","guid":{"rendered":"https:\/\/www.elregional.cl\/?p=12921"},"modified":"2026-03-23T04:42:19","modified_gmt":"2026-03-23T04:42:19","slug":"mantienen-alerta-temprana-preventiva-por-viento-en-ocho-comunas-de-la-region-de-coquimbo","status":"publish","type":"post","link":"https:\/\/www.elregional.cl\/?p=12921","title":{"rendered":"Mantienen alerta temprana preventiva por viento en ocho comunas de la Regi\u00f3n de Coquimbo"},"content":{"rendered":"<div class=\"td-post-header\">\n<header class=\"td-post-title\">\n<div class=\"td-module-meta-info\"><\/div>\n<\/header>\n<\/div>\n<div class=\"td-post-content\">\n<div class=\"td-post-sharing td-post-sharing-top\">\n<div class=\"td-default-sharing\"><i class=\"td-icon-facebook\"><\/i><em><strong>La Direcci\u00f3n Regional del Servicio Nacional de Prevenci\u00f3n y Respuesta ante Desastres (<span class=\"hover:entity-accent entity-underline inline cursor-pointer align-baseline\"><span class=\"whitespace-normal\">SENAPRED<\/span><\/span>) mantiene vigente la Alerta Temprana Preventiva para diversas comunas de la Regi\u00f3n de Coquimbo debido a condiciones de viento que podr\u00edan generar situaciones de riesgo en la zona.<\/strong><\/em><\/div>\n<\/div>\n<p data-start=\"399\" data-end=\"859\">La medida, que rige desde el pasado 19 de marzo, afecta a las comunas de\u00a0<span class=\"hover:entity-accent entity-underline inline cursor-pointer align-baseline\"><span class=\"whitespace-normal\">La Higuera<\/span><\/span>,\u00a0<span class=\"hover:entity-accent entity-underline inline cursor-pointer align-baseline\"><span class=\"whitespace-normal\">Vicu\u00f1a<\/span><\/span>,\u00a0<span class=\"hover:entity-accent entity-underline inline cursor-pointer align-baseline\"><span class=\"whitespace-normal\">Paihuano<\/span><\/span>,\u00a0<span class=\"hover:entity-accent entity-underline inline cursor-pointer align-baseline\"><span class=\"whitespace-normal\">R\u00edo Hurtado<\/span><\/span>,\u00a0<span class=\"hover:entity-accent entity-underline inline cursor-pointer align-baseline\"><span class=\"whitespace-normal\">Monte Patria<\/span><\/span>,\u00a0<span class=\"hover:entity-accent entity-underline inline cursor-pointer align-baseline\"><span class=\"whitespace-normal\">Combarbal\u00e1<\/span><\/span>,\u00a0<span class=\"hover:entity-accent entity-underline inline cursor-pointer align-baseline\"><span class=\"whitespace-normal\">Illapel<\/span><\/span>\u00a0y\u00a0<span class=\"hover:entity-accent entity-underline inline cursor-pointer align-baseline\"><span class=\"whitespace-normal\">Salamanca<\/span><\/span>, y se mantendr\u00e1 activa mientras las condiciones meteorol\u00f3gicas lo ameriten.<\/p>\n<p data-start=\"861\" data-end=\"1098\">De acuerdo con la\u00a0<span class=\"hover:entity-accent entity-underline inline cursor-pointer align-baseline\"><span class=\"whitespace-normal\">Direcci\u00f3n Meteorol\u00f3gica de Chile<\/span><\/span>, se encuentra vigente el Aviso A117-4 que pronostica viento de intensidad normal a moderada en la cordillera de la regi\u00f3n, fen\u00f3meno que se extender\u00eda hasta este domingo 22 de marzo.<\/p>\n<p data-start=\"1100\" data-end=\"1412\">En detalle, para la jornada dominical se esperan vientos entre 40 y 60 km\/h en la cordillera, con rachas que podr\u00edan alcanzar los 80 km\/h. En tanto, para el lunes 23 de marzo, las condiciones se desplazar\u00edan hacia sectores como el litoral y la cordillera, con intensidades que fluctuar\u00edan entre los 25 y 40 km\/h.<\/p>\n<p data-start=\"1414\" data-end=\"1748\">Respecto a las precipitaciones, se prev\u00e9n montos menores a 2 mm en la cordillera durante este domingo, mientras que no se esperan lluvias significativas en el resto de los sectores de la regi\u00f3n. Adem\u00e1s, la isoterma 0\u00b0C se ubicar\u00e1 entre los 4.100 y 3.600 metros sobre el nivel del mar, variando el lunes entre los 3.600 y 4.700 metros.<\/p>\n<p data-start=\"1750\" data-end=\"2018\">Desde SENAPRED indicaron que esta alerta tiene como objetivo reforzar el monitoreo de las condiciones meteorol\u00f3gicas y coordinar acciones preventivas con las autoridades locales, a fin de mitigar posibles impactos en la poblaci\u00f3n, especialmente en zonas cordilleranas.<\/p>\n<p data-start=\"2020\" data-end=\"2236\" data-is-last-node=\"\" data-is-only-node=\"\">Las autoridades reiteraron el llamado a la comunidad a informarse por canales oficiales y adoptar medidas de precauci\u00f3n, especialmente\u00a0en actividades al aire libre o en sectores expuestos a fuertes r\u00e1fagas de viento.<\/p>\n<\/div>\n","protected":false},"excerpt":{"rendered":"<p>La Direcci\u00f3n Regional del Servicio Nacional de Prevenci\u00f3n y Respuesta ante Desastres (SENAPRED) mantiene vigente la Alerta Temprana Preventiva para diversas comunas de la Regi\u00f3n de Coquimbo debido a condiciones de viento que podr\u00edan generar situaciones de riesgo en la zona. La medida, que rige desde el pasado 19 de marzo, afecta a las comunas &hellip;<\/p>\n","protected":false},"author":2,"featured_media":12922,"comment_status":"closed","ping_status":"closed","sticky":false,"template":"","format":"standard","meta":{"footnotes":""},"categories":[2],"tags":[],"class_list":["post-12921","post","type-post","status-publish","format-standard","has-post-thumbnail","hentry","category-regionales"],"_links":{"self":[{"href":"https:\/\/www.elregional.cl\/index.php?rest_route=\/wp\/v2\/posts\/12921","targetHints":{"allow":["GET"]}}],"collection":[{"href":"https:\/\/www.elregional.cl\/index.php?rest_route=\/wp\/v2\/posts"}],"about":[{"href":"https:\/\/www.elregional.cl\/index.php?rest_route=\/wp\/v2\/types\/post"}],"author":[{"embeddable":true,"href":"https:\/\/www.elregional.cl\/index.php?rest_route=\/wp\/v2\/users\/2"}],"replies":[{"embeddable":true,"href":"https:\/\/www.elregional.cl\/index.php?rest_route=%2Fwp%2Fv2%2Fcomments&post=12921"}],"version-history":[{"count":1,"href":"https:\/\/www.elregional.cl\/index.php?rest_route=\/wp\/v2\/posts\/12921\/revisions"}],"predecessor-version":[{"id":12923,"href":"https:\/\/www.elregional.cl\/index.php?rest_route=\/wp\/v2\/posts\/12921\/revisions\/12923"}],"wp:featuredmedia":[{"embeddable":true,"href":"https:\/\/www.elregional.cl\/index.php?rest_route=\/wp\/v2\/media\/12922"}],"wp:attachment":[{"href":"https:\/\/www.elregional.cl\/index.php?rest_route=%2Fwp%2Fv2%2Fmedia&parent=12921"}],"wp:term":[{"taxonomy":"category","embeddable":true,"href":"https:\/\/www.elregional.cl\/index.php?rest_route=%2Fwp%2Fv2%2Fcategories&post=12921"},{"taxonomy":"post_tag","embeddable":true,"href":"https:\/\/www.elregional.cl\/index.php?rest_route=%2Fwp%2Fv2%2Ftags&post=12921"}],"curies":[{"name":"wp","href":"https:\/\/api.w.org\/{rel}","templated":true}]}}