{"id":1308,"date":"2024-09-22T07:47:36","date_gmt":"2024-09-22T07:47:36","guid":{"rendered":"https:\/\/www.elregional.cl\/?p=1308"},"modified":"2024-09-22T07:47:36","modified_gmt":"2024-09-22T07:47:36","slug":"mujer-fallece-tras-caer-desde-balcon-en-coquimbo","status":"publish","type":"post","link":"https:\/\/www.elregional.cl\/?p=1308","title":{"rendered":"Mujer fallece tras caer desde balc\u00f3n en Coquimbo."},"content":{"rendered":"<p><strong>En la madrugada de ayer cuando eran cerca de las 02:30 horas, se alert\u00f3 de una mujer que habr\u00eda ca\u00eddo de altura en calle el Canelo Norte, en el sector Parte Alta de Coquimbo.<\/strong><\/p>\n<p>Tras el aviso, una ambulancia de SAMU y personal de\u00a0<a title=\"Carabineros\" href=\"https:\/\/www.carabineros.cl\/\" target=\"_blank\" rel=\"noopener nofollow\">Carabineros<\/a>\u00a0acudieron al lugar, informando que se trataba de una mujer de aproximadamente 54 a\u00f1os que hab\u00eda sufrido una ca\u00edda desde el balc\u00f3n de su casa, a una altura aproximada de 3 metros.<\/p>\n<p>La paciente fue encontrada fallecida, constatando la ausencia de signos vitales por parte del personal de Salud.<\/p>\n<p>El procedimiento qued\u00f3 a cargo de Carabineros, quienes se encuentran investigando las circunstancias del tr\u00e1gico suceso. Hasta el momento, no se han proporcionado m\u00e1s detalles sobre las causas de la ca\u00edda.<\/p>\n","protected":false},"excerpt":{"rendered":"<p>En la madrugada de ayer cuando eran cerca de las 02:30 horas, se alert\u00f3 de una mujer que habr\u00eda ca\u00eddo de altura en calle el Canelo Norte, en el sector Parte Alta de Coquimbo. Tras el aviso, una ambulancia de SAMU y personal de\u00a0Carabineros\u00a0acudieron al lugar, informando que se trataba de una mujer de aproximadamente &hellip;<\/p>\n","protected":false},"author":2,"featured_media":0,"comment_status":"closed","ping_status":"closed","sticky":false,"template":"","format":"standard","meta":{"footnotes":""},"categories":[13],"tags":[],"class_list":["post-1308","post","type-post","status-publish","format-standard","hentry","category-coquimbo"],"_links":{"self":[{"href":"https:\/\/www.elregional.cl\/index.php?rest_route=\/wp\/v2\/posts\/1308","targetHints":{"allow":["GET"]}}],"collection":[{"href":"https:\/\/www.elregional.cl\/index.php?rest_route=\/wp\/v2\/posts"}],"about":[{"href":"https:\/\/www.elregional.cl\/index.php?rest_route=\/wp\/v2\/types\/post"}],"author":[{"embeddable":true,"href":"https:\/\/www.elregional.cl\/index.php?rest_route=\/wp\/v2\/users\/2"}],"replies":[{"embeddable":true,"href":"https:\/\/www.elregional.cl\/index.php?rest_route=%2Fwp%2Fv2%2Fcomments&post=1308"}],"version-history":[{"count":1,"href":"https:\/\/www.elregional.cl\/index.php?rest_route=\/wp\/v2\/posts\/1308\/revisions"}],"predecessor-version":[{"id":1309,"href":"https:\/\/www.elregional.cl\/index.php?rest_route=\/wp\/v2\/posts\/1308\/revisions\/1309"}],"wp:attachment":[{"href":"https:\/\/www.elregional.cl\/index.php?rest_route=%2Fwp%2Fv2%2Fmedia&parent=1308"}],"wp:term":[{"taxonomy":"category","embeddable":true,"href":"https:\/\/www.elregional.cl\/index.php?rest_route=%2Fwp%2Fv2%2Fcategories&post=1308"},{"taxonomy":"post_tag","embeddable":true,"href":"https:\/\/www.elregional.cl\/index.php?rest_route=%2Fwp%2Fv2%2Ftags&post=1308"}],"curies":[{"name":"wp","href":"https:\/\/api.w.org\/{rel}","templated":true}]}}