{"id":13112,"date":"2026-03-31T20:53:04","date_gmt":"2026-03-31T20:53:04","guid":{"rendered":"https:\/\/www.elregional.cl\/?p=13112"},"modified":"2026-03-31T20:53:04","modified_gmt":"2026-03-31T20:53:04","slug":"seguridad-ciudadana-frustro-tres-robos-en-diferentes-sectores-de-la-serena","status":"publish","type":"post","link":"https:\/\/www.elregional.cl\/?p=13112","title":{"rendered":"Seguridad ciudadana frustr\u00f3 tres robos en diferentes sectores de La Serena"},"content":{"rendered":"<header class=\"et-l et-l--header\">\n<div class=\"et_builder_inner_content et_pb_gutters3\">\n<div class=\"et_pb_section et_pb_section_2_tb_header et_section_regular\">\n<div class=\"et_pb_row et_pb_row_2_tb_header dle-hd-209-menu-row\">\n<div class=\"et_pb_column et_pb_column_4_4 et_pb_column_4_tb_header  et_pb_css_mix_blend_mode_passthrough et-last-child\">\n<div class=\"et_pb_module et_pb_code et_pb_code_0_tb_header\">\n<div class=\"et_pb_code_inner\">\n<div id=\"maderoMobileMenu\" class=\"madero-mobile-menu\">\n<div class=\"madero-topbar\"><\/div>\n<\/div>\n<\/div>\n<\/div>\n<\/div>\n<\/div>\n<\/div>\n<\/div>\n<\/header>\n<div id=\"et-main-area\">\n<div id=\"main-content\">\n<div class=\"et-l et-l--body\">\n<div class=\"et_builder_inner_content et_pb_gutters3\">\n<div class=\"et_pb_section et_pb_section_0_tb_body dle-pl-7-content-section et_section_regular\">\n<div class=\"et_pb_row et_pb_row_0_tb_body et_pb_gutters2\">\n<div class=\"et_pb_with_border et_pb_column_3_5 et_pb_column et_pb_column_1_tb_body  et_pb_css_mix_blend_mode_passthrough\">\n<div class=\"et_pb_module et_pb_text et_pb_text_1_tb_body  et_pb_text_align_left et_pb_bg_layout_light\">\n<div class=\"et_pb_text_inner\">La denuncia oportuna a trav\u00e9s de la l\u00ednea de emergencia 1457, permiti\u00f3 intervenir r\u00e1pidamente en apoyo a los vecinos y vecinas de la comuna<\/div>\n<\/div>\n<div class=\"et_pb_module et_pb_post_content et_pb_post_content_0_tb_body\">\n<p>Seguridad Ciudadana frustr\u00f3 tres robos en diferentes sectores de La Serena durante la tarde y madrugada de este martes.<\/p>\n<p>Esto, despu\u00e9s de recibir las alertas a trav\u00e9s de la l\u00ednea de emergencia 1457.<\/p>\n<p><em>\u201cDestaco la importante labor que realiza nuestra direcci\u00f3n de Seguridad Ciudadana logrando evitar estos delitos. Su presencia activa en terreno y la correcta aplicaci\u00f3n de protocolos preventivos, son fundamentales para anticiparse a estos robos, protegiendo a nuestros vecinos y vecinas\u2026cuya colaboraci\u00f3n ha sido clave para continuar trabajando de forma oportuna y as\u00ed construir una comuna m\u00e1s segura para todos\u201d<\/em>, afirm\u00f3 la alcaldesa\u00a0Daniela Norambuena.<\/p>\n<p>De este modo, el primer intento de robo sucedi\u00f3 en calle Andr\u00e9s Bello, cuando un sujeto entr\u00f3 a una vivienda. Individuo que fue retenido por los inspectores municipales y luego entregado a Carabineros de Chile.<\/p>\n<p>Por su parte, los otros dos hechos ocurrieron de manera casi simult\u00e1nea. El primer reporte moviliz\u00f3 a personal de Seguridad Ciudadana hacia El Milagro, en donde una persona fue observada forzando la reja exterior de un inmueble. En paralelo, una situaci\u00f3n de similares caracter\u00edsticas se registr\u00f3 en la Poblaci\u00f3n Los Profesores, cuando un sujeto intent\u00f3 ingresar a una casa.<\/p>\n<p>Posterior a las denuncias, los inspectores municipales activaron patrullajes preventivos en las inmediaciones de ambos lugares.<\/p>\n<p>Cabe resaltar que, aunque ambos individuos huyeron antes de concretar el delito, Seguridad Ciudadana evit\u00f3 da\u00f1os mayores.<\/p>\n<p><em>\u201cNuestro equipo de inspectores municipales pudo llegar r\u00e1pidamente hasta los sectores en donde se intentaban cometer los robos. El llamado es a denunciar mediante el 1457, ya que nuestros patrulleros se encuentran disponibles a acudir cuando haya alguna situaci\u00f3n\u201d<\/em>, agreg\u00f3 el encargado de la direcci\u00f3n de Seguridad Ciudadana de La Serena,\u00a0Gonzalo Arceu.<\/p>\n<p>Es as\u00ed como la alerta oportuna a trav\u00e9s de la l\u00ednea de emergencia, una vez m\u00e1s permiti\u00f3 intervenir inmediatamente en apoyo a la seguridad de los distintos barrios de la comuna.<\/p>\n<\/div>\n<\/div>\n<\/div>\n<\/div>\n<\/div>\n<\/div>\n<\/div>\n<\/div>\n","protected":false},"excerpt":{"rendered":"<p>La denuncia oportuna a trav\u00e9s de la l\u00ednea de emergencia 1457, permiti\u00f3 intervenir r\u00e1pidamente en apoyo a los vecinos y vecinas de la comuna Seguridad Ciudadana frustr\u00f3 tres robos en diferentes sectores de La Serena durante la tarde y madrugada de este martes. Esto, despu\u00e9s de recibir las alertas a trav\u00e9s de la l\u00ednea de &hellip;<\/p>\n","protected":false},"author":2,"featured_media":13113,"comment_status":"closed","ping_status":"closed","sticky":false,"template":"","format":"standard","meta":{"footnotes":""},"categories":[2],"tags":[],"class_list":["post-13112","post","type-post","status-publish","format-standard","has-post-thumbnail","hentry","category-regionales"],"_links":{"self":[{"href":"https:\/\/www.elregional.cl\/index.php?rest_route=\/wp\/v2\/posts\/13112","targetHints":{"allow":["GET"]}}],"collection":[{"href":"https:\/\/www.elregional.cl\/index.php?rest_route=\/wp\/v2\/posts"}],"about":[{"href":"https:\/\/www.elregional.cl\/index.php?rest_route=\/wp\/v2\/types\/post"}],"author":[{"embeddable":true,"href":"https:\/\/www.elregional.cl\/index.php?rest_route=\/wp\/v2\/users\/2"}],"replies":[{"embeddable":true,"href":"https:\/\/www.elregional.cl\/index.php?rest_route=%2Fwp%2Fv2%2Fcomments&post=13112"}],"version-history":[{"count":1,"href":"https:\/\/www.elregional.cl\/index.php?rest_route=\/wp\/v2\/posts\/13112\/revisions"}],"predecessor-version":[{"id":13114,"href":"https:\/\/www.elregional.cl\/index.php?rest_route=\/wp\/v2\/posts\/13112\/revisions\/13114"}],"wp:featuredmedia":[{"embeddable":true,"href":"https:\/\/www.elregional.cl\/index.php?rest_route=\/wp\/v2\/media\/13113"}],"wp:attachment":[{"href":"https:\/\/www.elregional.cl\/index.php?rest_route=%2Fwp%2Fv2%2Fmedia&parent=13112"}],"wp:term":[{"taxonomy":"category","embeddable":true,"href":"https:\/\/www.elregional.cl\/index.php?rest_route=%2Fwp%2Fv2%2Fcategories&post=13112"},{"taxonomy":"post_tag","embeddable":true,"href":"https:\/\/www.elregional.cl\/index.php?rest_route=%2Fwp%2Fv2%2Ftags&post=13112"}],"curies":[{"name":"wp","href":"https:\/\/api.w.org\/{rel}","templated":true}]}}