{"id":13129,"date":"2026-04-01T05:10:03","date_gmt":"2026-04-01T05:10:03","guid":{"rendered":"https:\/\/www.elregional.cl\/?p=13129"},"modified":"2026-04-01T05:10:03","modified_gmt":"2026-04-01T05:10:03","slug":"que-se-sabe-del-derrame-de-petroleo-que-ha-contaminado-cientos-de-kilometros-de-costa-en-el-golfo-de-mexico","status":"publish","type":"post","link":"https:\/\/www.elregional.cl\/?p=13129","title":{"rendered":"Qu\u00e9 se sabe del derrame de petr\u00f3leo que ha contaminado cientos de kil\u00f3metros de costa en el Golfo de M\u00e9xico"},"content":{"rendered":"<figure class=\"css-1qn0xuy\">\n<div class=\"css-1jir9cx\"><\/div>\n<\/figure>\n<div class=\"css-1k9op6x e17x9cvu0\" dir=\"ltr\">\n<p class=\"css-s4cjt0 eea635z0\" dir=\"ltr\"><b>Las autoridades mexicanas han recogido hasta este martes m\u00e1s de 800 toneladas de residuos petroleros tras un derrame que ha contaminado el mar en cientos de kil\u00f3metros de costa del Golfo de M\u00e9xico.<\/b><\/p>\n<\/div>\n<div class=\"css-1k9op6x e17x9cvu0\" dir=\"ltr\">\n<p class=\"css-s4cjt0 eea635z0\" dir=\"ltr\">El gobierno mexicano inform\u00f3 en un comunicado que desde comienzos de marzo se han registrado avistamientos y llegadas intermitentes de restos de hidrocarburos a playas de los estados de Tabasco, Veracruz y Tamaulipas.<\/p>\n<\/div>\n<div class=\"css-1k9op6x e17x9cvu0\" dir=\"ltr\">\n<p class=\"css-s4cjt0 eea635z0\" dir=\"ltr\">Contin\u00faan las investigaciones para determinar el origen del derrame, mientras organizaciones ambientalistas cuestionan la versi\u00f3n oficial sobre lo ocurrido.<\/p>\n<\/div>\n<div class=\"css-1k9op6x e17x9cvu0\" dir=\"ltr\">\n<p class=\"css-s4cjt0 eea635z0\" dir=\"ltr\">Para hacer frente al problema, varias instituciones federales -entre ellas la Secretar\u00eda de Marina, la petrolera estatal Petr\u00f3leos Mexicanos (Pemex) y autoridades ambientales- han desplegado un operativo de limpieza y contenci\u00f3n.<\/p>\n<\/div>\n<div class=\"css-1k9op6x e17x9cvu0\" dir=\"ltr\">\n<p class=\"css-s4cjt0 eea635z0\" dir=\"ltr\">Seg\u00fan el comunicado conjunto de la Armada y Pemex, m\u00e1s de 3.000 personas participan en las labores, apoyadas por 47 embarcaciones, aeronaves, drones y veh\u00edculos terrestres.<\/p>\n<\/div>\n<section class=\"css-1s6hekm\" role=\"region\" aria-label=\"Publicidad 2\" aria-hidden=\"true\" data-e2e=\"advertisement\"><\/section>\n<div class=\"css-1k9op6x e17x9cvu0\" dir=\"ltr\">\n<p class=\"css-s4cjt0 eea635z0\" dir=\"ltr\">Hasta el 30 de marzo los equipos de limpieza hab\u00edan recogido 785 toneladas de residuos contaminados en playas y otras 40,6 toneladas directamente en el mar, indica el comunicado.<\/p>\n<\/div>\n<div class=\"css-1k9op6x e17x9cvu0\" dir=\"ltr\">\n<p class=\"css-s4cjt0 eea635z0\" dir=\"ltr\">Los trabajos de saneamiento se extienden por m\u00e1s de 630 kil\u00f3metros de litoral.<\/p>\n<\/div>\n<div class=\"css-1k9op6x e17x9cvu0\" dir=\"ltr\">\n<h2 id=\"Qu\u00e9-se-sabe-del-derrame\" class=\"css-jtxtr9 emoh99e1\" tabindex=\"-1\">Qu\u00e9 se sabe del derrame<\/h2>\n<\/div>\n<div class=\"css-1k9op6x e17x9cvu0\" dir=\"ltr\">\n<p class=\"css-s4cjt0 eea635z0\" dir=\"ltr\">Las autoridades indicaron que los residuos siguen llegando de forma intermitente a algunas zonas costeras, especialmente en Veracruz y Tamaulipas, en forma de material \u00abintemperizado\u00bb, es decir, crudo alterado por la exposici\u00f3n prolongada al agua, el sol y el viento.<\/p>\n<\/div>\n","protected":false},"excerpt":{"rendered":"<p>Las autoridades mexicanas han recogido hasta este martes m\u00e1s de 800 toneladas de residuos petroleros tras un derrame que ha contaminado el mar en cientos de kil\u00f3metros de costa del Golfo de M\u00e9xico. El gobierno mexicano inform\u00f3 en un comunicado que desde comienzos de marzo se han registrado avistamientos y llegadas intermitentes de restos de &hellip;<\/p>\n","protected":false},"author":2,"featured_media":13130,"comment_status":"closed","ping_status":"closed","sticky":false,"template":"","format":"standard","meta":{"footnotes":""},"categories":[4],"tags":[],"class_list":["post-13129","post","type-post","status-publish","format-standard","has-post-thumbnail","hentry","category-mundo"],"_links":{"self":[{"href":"https:\/\/www.elregional.cl\/index.php?rest_route=\/wp\/v2\/posts\/13129","targetHints":{"allow":["GET"]}}],"collection":[{"href":"https:\/\/www.elregional.cl\/index.php?rest_route=\/wp\/v2\/posts"}],"about":[{"href":"https:\/\/www.elregional.cl\/index.php?rest_route=\/wp\/v2\/types\/post"}],"author":[{"embeddable":true,"href":"https:\/\/www.elregional.cl\/index.php?rest_route=\/wp\/v2\/users\/2"}],"replies":[{"embeddable":true,"href":"https:\/\/www.elregional.cl\/index.php?rest_route=%2Fwp%2Fv2%2Fcomments&post=13129"}],"version-history":[{"count":1,"href":"https:\/\/www.elregional.cl\/index.php?rest_route=\/wp\/v2\/posts\/13129\/revisions"}],"predecessor-version":[{"id":13131,"href":"https:\/\/www.elregional.cl\/index.php?rest_route=\/wp\/v2\/posts\/13129\/revisions\/13131"}],"wp:featuredmedia":[{"embeddable":true,"href":"https:\/\/www.elregional.cl\/index.php?rest_route=\/wp\/v2\/media\/13130"}],"wp:attachment":[{"href":"https:\/\/www.elregional.cl\/index.php?rest_route=%2Fwp%2Fv2%2Fmedia&parent=13129"}],"wp:term":[{"taxonomy":"category","embeddable":true,"href":"https:\/\/www.elregional.cl\/index.php?rest_route=%2Fwp%2Fv2%2Fcategories&post=13129"},{"taxonomy":"post_tag","embeddable":true,"href":"https:\/\/www.elregional.cl\/index.php?rest_route=%2Fwp%2Fv2%2Ftags&post=13129"}],"curies":[{"name":"wp","href":"https:\/\/api.w.org\/{rel}","templated":true}]}}