{"id":1315,"date":"2024-09-22T08:02:17","date_gmt":"2024-09-22T08:02:17","guid":{"rendered":"https:\/\/www.elregional.cl\/?p=1315"},"modified":"2024-09-22T08:02:17","modified_gmt":"2024-09-22T08:02:17","slug":"realizan-lanzamiento-de-libro-de-historia-de-monte-patria","status":"publish","type":"post","link":"https:\/\/www.elregional.cl\/?p=1315","title":{"rendered":"Realizan lanzamiento de libro de historia de Monte Patria"},"content":{"rendered":"<p><em>El pasado s\u00e1bado se llev\u00f3 a cabo la ceremonia de lanzamiento del libro \u201cHistoria General de Huana y Monte Patria\u201d, escrito por el autor Cristian Rivera. El evento, organizado por la Junta de Vecinos Cordillera de la localidad de Huana, tuvo lugar en la Escuela Esperanza y cont\u00f3 con una presentaci\u00f3n del libro, charlas sobre la historia local, n\u00fameros art\u00edsticos y un coctel para los asistentes.<\/em><\/p>\n<p>El objetivo del libro es dar a conocer la historia local y permitir que la comunidad se reconozca en sus ra\u00edces. Cristian Rivera, autor del libro, expres\u00f3 su satisfacci\u00f3n por el trabajo realizado:<\/p>\n<p>\u201cEstoy muy contento de aportar al desarrollo de la historia y la idiosincrasia de la comuna de Monte Patria con la publicaci\u00f3n de este libro. El texto tiene un claro objetivo: llegar a los colegios y a los vecinos tanto de Huana como de la comuna. Tambi\u00e9n haremos entrega de ejemplares gratuitos para todas las bibliotecas de las escuelas de los valles generosos. El libro consta de dos cap\u00edtulos, uno sobre la historia de Huana y otro sobre Monte Patria\u201d.<\/p>\n<p>David Santos, gestor cultural, destac\u00f3 el trabajo conjunto con la Junta de Vecinos y el autor: \u201cEn conjunto con la Junta de Vecinos y el autor Cristian Rivera, decidimos gestar este proyecto sobre la publicaci\u00f3n y puesta en valor del libro \u2018Historia General de Huana y Monte Patria\u2019, financiado por el Gobierno Regional en 2024. La idea es distribuir alrededor de 500 copias del libro a los diferentes establecimientos educacionales de la comuna, espec\u00edficamente a los de ense\u00f1anza media, a la Escuela de Huana y a la comunidad del sector\u201d.<\/p>\n","protected":false},"excerpt":{"rendered":"<p>El pasado s\u00e1bado se llev\u00f3 a cabo la ceremonia de lanzamiento del libro \u201cHistoria General de Huana y Monte Patria\u201d, escrito por el autor Cristian Rivera. El evento, organizado por la Junta de Vecinos Cordillera de la localidad de Huana, tuvo lugar en la Escuela Esperanza y cont\u00f3 con una presentaci\u00f3n del libro, charlas sobre &hellip;<\/p>\n","protected":false},"author":2,"featured_media":0,"comment_status":"closed","ping_status":"closed","sticky":false,"template":"","format":"standard","meta":{"footnotes":""},"categories":[2],"tags":[],"class_list":["post-1315","post","type-post","status-publish","format-standard","hentry","category-regionales"],"_links":{"self":[{"href":"https:\/\/www.elregional.cl\/index.php?rest_route=\/wp\/v2\/posts\/1315","targetHints":{"allow":["GET"]}}],"collection":[{"href":"https:\/\/www.elregional.cl\/index.php?rest_route=\/wp\/v2\/posts"}],"about":[{"href":"https:\/\/www.elregional.cl\/index.php?rest_route=\/wp\/v2\/types\/post"}],"author":[{"embeddable":true,"href":"https:\/\/www.elregional.cl\/index.php?rest_route=\/wp\/v2\/users\/2"}],"replies":[{"embeddable":true,"href":"https:\/\/www.elregional.cl\/index.php?rest_route=%2Fwp%2Fv2%2Fcomments&post=1315"}],"version-history":[{"count":1,"href":"https:\/\/www.elregional.cl\/index.php?rest_route=\/wp\/v2\/posts\/1315\/revisions"}],"predecessor-version":[{"id":1317,"href":"https:\/\/www.elregional.cl\/index.php?rest_route=\/wp\/v2\/posts\/1315\/revisions\/1317"}],"wp:attachment":[{"href":"https:\/\/www.elregional.cl\/index.php?rest_route=%2Fwp%2Fv2%2Fmedia&parent=1315"}],"wp:term":[{"taxonomy":"category","embeddable":true,"href":"https:\/\/www.elregional.cl\/index.php?rest_route=%2Fwp%2Fv2%2Fcategories&post=1315"},{"taxonomy":"post_tag","embeddable":true,"href":"https:\/\/www.elregional.cl\/index.php?rest_route=%2Fwp%2Fv2%2Ftags&post=1315"}],"curies":[{"name":"wp","href":"https:\/\/api.w.org\/{rel}","templated":true}]}}