{"id":13426,"date":"2026-04-25T18:48:19","date_gmt":"2026-04-25T18:48:19","guid":{"rendered":"https:\/\/www.elregional.cl\/?p=13426"},"modified":"2026-04-25T18:48:19","modified_gmt":"2026-04-25T18:48:19","slug":"ofensiva-contra-el-microtrafico-en-la-higuera-despliegan-operativo-seguridad-total-en-caleta-los-hornos","status":"publish","type":"post","link":"https:\/\/www.elregional.cl\/?p=13426","title":{"rendered":"Ofensiva contra el microtr\u00e1fico en La Higuera: Despliegan operativo \u00abSeguridad Total\u00bb en Caleta Los Hornos"},"content":{"rendered":"<header class=\"et-l et-l--header\">\n<div class=\"et_builder_inner_content et_pb_gutters3\">\n<div class=\"et_pb_section et_pb_section_2_tb_header et_section_regular\">\n<div class=\"et_pb_row et_pb_row_2_tb_header dle-hd-209-menu-row\">\n<div class=\"et_pb_column et_pb_column_4_4 et_pb_column_4_tb_header  et_pb_css_mix_blend_mode_passthrough et-last-child\">\n<div class=\"et_pb_module et_pb_code et_pb_code_0_tb_header\">\n<div class=\"et_pb_code_inner\">\n<div id=\"maderoMobileMenu\" class=\"madero-mobile-menu\">\n<div class=\"madero-topbar\"><\/div>\n<\/div>\n<\/div>\n<\/div>\n<\/div>\n<\/div>\n<\/div>\n<\/div>\n<\/header>\n<div id=\"et-main-area\">\n<div id=\"main-content\">\n<div class=\"et-l et-l--body\">\n<div class=\"et_builder_inner_content et_pb_gutters3\">\n<div class=\"et_pb_section et_pb_section_0_tb_body dle-pl-7-content-section et_section_regular\">\n<div class=\"et_pb_row et_pb_row_0_tb_body et_pb_gutters2\">\n<div class=\"et_pb_with_border et_pb_column_3_5 et_pb_column et_pb_column_1_tb_body  et_pb_css_mix_blend_mode_passthrough\">\n<div class=\"et_pb_module et_pb_text et_pb_text_1_tb_body  et_pb_text_align_left et_pb_bg_layout_light\">\n<div class=\"et_pb_text_inner\">Intervenci\u00f3n coordinada entre autoridades y polic\u00edas busca recuperar espacios p\u00fablicos y enfrentar el microtr\u00e1fico detectado en el sector.<\/div>\n<\/div>\n<div class=\"et_pb_module et_pb_post_title et_pb_post_title_1_tb_body et_pb_bg_layout_light  et_pb_text_align_left\">\n<div class=\"et_pb_title_container\">\n<p class=\"et_pb_title_meta_container\">\n<\/div>\n<\/div>\n<div class=\"et_pb_module et_pb_post_content et_pb_post_content_0_tb_body\">\n<p>En respuesta a un exhaustivo diagn\u00f3stico que identific\u00f3 cerca de 25 puntos de venta de drogas en la localidad de Caleta Los Hornos, autoridades regionales y comunales de Coquimbo lideraron un masivo operativo de seguridad. La intervenci\u00f3n, denominada \u00abSeguridad Total\u00bb, moviliz\u00f3 a Carabineros y la PDI con el fin de desarticular redes de microtr\u00e1fico y recuperar el entorno para las familias de la comuna de La Higuera.<\/p>\n<p>Este despliegue forma parte de una estrategia de seguridad que ya ha recorrido comunas como Andacollo, Vicu\u00f1a y Salamanca, centrada en la presencia territorial efectiva.<\/p>\n<p>El Delegado Presidencial Regional, V\u00edctor Pino, enfatiz\u00f3 que\u00a0<em>\u201cel compromiso fue claro desde el primer d\u00eda: estar en las 15 comunas de la regi\u00f3n. Estamos enfocados en que la gente sepa que el Presidente Jos\u00e9 Antonio Kast est\u00e1 muy preocupado por la seguridad. Lo importante es recuperar los espacios que se han perdido en manos de la delincuencia\u201d.<\/em><\/p>\n<h3 id=\"accion-conjunta-y-cumplimiento-de-la-ley\"><strong>Acci\u00f3n conjunta y cumplimiento de la ley<\/strong><\/h3>\n<p>El operativo no solo se centr\u00f3 en la fiscalizaci\u00f3n, sino en la validaci\u00f3n del Estado de derecho en zonas cr\u00edticas. La Seremi de Seguridad P\u00fablica, Mar\u00eda Jos\u00e9 Duarte, reforz\u00f3 que el objetivo es\u00a0<em>\u00abdevolver la confianza a las personas y hacer cumplir la ley\u201d.<\/em><\/p>\n<p>Desde el \u00e1mbito local, la alcaldesa de La Higuera, Uberlinda Aquea, lament\u00f3 el impacto del tr\u00e1fico en la comunidad, calific\u00e1ndolo como un \u00abflagelo\u00bb para la gente trabajadora y honesta, valorando la coordinaci\u00f3n con las polic\u00edas desde el inicio de su gesti\u00f3n.<\/p>\n<h3 id=\"resultados-y-labor-policial-en-terreno\"><strong>Resultados y labor policial en terreno<\/strong><\/h3>\n<p>Durante la jornada, las instituciones realizaron labores espec\u00edficas seg\u00fan sus \u00e1reas de competencia:<\/p>\n<ul>\n<li>Carabineros de Chile: Ejecut\u00f3 controles de identidad y vehiculares, adem\u00e1s de cursar infracciones de tr\u00e1nsito. El General Christian Brebi, Jefe de la Zona Coquimbo, asegur\u00f3 que estos despliegues ser\u00e1n constantes para reducir los \u00edndices de inseguridad.<\/li>\n<li>PDI: Realiz\u00f3 controles migratorios y revisi\u00f3n de antecedentes para detectar \u00f3rdenes judiciales pendientes. El prefecto Jaime Lazo destac\u00f3 la importancia de la colaboraci\u00f3n vecinal: \u201cConvocamos a nuestros vecinos a que denuncien situaciones de tr\u00e1fico; as\u00ed podemos desarrollar una investigaci\u00f3n robusta ante los tribunales\u201d.<\/li>\n<\/ul>\n<h3 id=\"la-voz-de-los-vecinos\"><strong>La voz de los vecinos<\/strong><\/h3>\n<p>Para la comunidad de Caleta Los Hornos, la presencia de las autoridades fue recibida como un respaldo necesario. Luisa Corrotea, presidenta de la junta de vecinos N\u00b020, coment\u00f3 que\u00a0<em>\u201ces muy grato tener el apoyo y que no nos dejen, que esto siga para darle tranquilidad a los vecinos, porque hechos de delincuencia s\u00ed hay\u201d.<\/em><\/p>\n<p>La intervenci\u00f3n en La Higuera cierra con el compromiso de mantener una vigilancia activa y continuar con la estrategia integral que busca erradicar los puntos cr\u00edticos de venta de drogas y devolver la soberan\u00eda de los espacios p\u00fablicos a la ciudadan\u00eda.<\/p>\n<\/div>\n<\/div>\n<\/div>\n<\/div>\n<\/div>\n<\/div>\n<\/div>\n<\/div>\n","protected":false},"excerpt":{"rendered":"<p>Intervenci\u00f3n coordinada entre autoridades y polic\u00edas busca recuperar espacios p\u00fablicos y enfrentar el microtr\u00e1fico detectado en el sector. En respuesta a un exhaustivo diagn\u00f3stico que identific\u00f3 cerca de 25 puntos de venta de drogas en la localidad de Caleta Los Hornos, autoridades regionales y comunales de Coquimbo lideraron un masivo operativo de seguridad. La intervenci\u00f3n, &hellip;<\/p>\n","protected":false},"author":2,"featured_media":13427,"comment_status":"closed","ping_status":"closed","sticky":false,"template":"","format":"standard","meta":{"footnotes":""},"categories":[2],"tags":[],"class_list":["post-13426","post","type-post","status-publish","format-standard","has-post-thumbnail","hentry","category-regionales"],"_links":{"self":[{"href":"https:\/\/www.elregional.cl\/index.php?rest_route=\/wp\/v2\/posts\/13426","targetHints":{"allow":["GET"]}}],"collection":[{"href":"https:\/\/www.elregional.cl\/index.php?rest_route=\/wp\/v2\/posts"}],"about":[{"href":"https:\/\/www.elregional.cl\/index.php?rest_route=\/wp\/v2\/types\/post"}],"author":[{"embeddable":true,"href":"https:\/\/www.elregional.cl\/index.php?rest_route=\/wp\/v2\/users\/2"}],"replies":[{"embeddable":true,"href":"https:\/\/www.elregional.cl\/index.php?rest_route=%2Fwp%2Fv2%2Fcomments&post=13426"}],"version-history":[{"count":1,"href":"https:\/\/www.elregional.cl\/index.php?rest_route=\/wp\/v2\/posts\/13426\/revisions"}],"predecessor-version":[{"id":13428,"href":"https:\/\/www.elregional.cl\/index.php?rest_route=\/wp\/v2\/posts\/13426\/revisions\/13428"}],"wp:featuredmedia":[{"embeddable":true,"href":"https:\/\/www.elregional.cl\/index.php?rest_route=\/wp\/v2\/media\/13427"}],"wp:attachment":[{"href":"https:\/\/www.elregional.cl\/index.php?rest_route=%2Fwp%2Fv2%2Fmedia&parent=13426"}],"wp:term":[{"taxonomy":"category","embeddable":true,"href":"https:\/\/www.elregional.cl\/index.php?rest_route=%2Fwp%2Fv2%2Fcategories&post=13426"},{"taxonomy":"post_tag","embeddable":true,"href":"https:\/\/www.elregional.cl\/index.php?rest_route=%2Fwp%2Fv2%2Ftags&post=13426"}],"curies":[{"name":"wp","href":"https:\/\/api.w.org\/{rel}","templated":true}]}}