{"id":13431,"date":"2026-04-25T18:50:45","date_gmt":"2026-04-25T18:50:45","guid":{"rendered":"https:\/\/www.elregional.cl\/?p=13431"},"modified":"2026-04-25T18:50:45","modified_gmt":"2026-04-25T18:50:45","slug":"en-coquimbo-dan-inicio-a-la-temporada-de-exportaciones-de-citricos-a-estados-unidos","status":"publish","type":"post","link":"https:\/\/www.elregional.cl\/?p=13431","title":{"rendered":"En Coquimbo dan inicio a la temporada de exportaciones de c\u00edtricos a Estados Unidos"},"content":{"rendered":"<div class=\"td-post-header\">\n<header class=\"td-post-title\">\n<h1 class=\"entry-title\"><\/h1>\n<\/header>\n<\/div>\n<div class=\"td-post-content\">\n<div class=\"td-post-sharing-top\">\n<div id=\"td_social_sharing_article_top\" class=\"td-post-sharing td-ps-bg td-ps-notext td-post-sharing-style1 \">\n<div class=\"td-post-sharing-visible\">\n<div class=\"td-social-but-icon\"><\/div>\n<\/div>\n<\/div>\n<\/div>\n<p><strong>Con una visita al Sitio de Inspecciones SAG\/USDA-APHIS\/Frutas de Chile, autoridades y representantes del sector privado dieron el vamos a los env\u00edos desde la regi\u00f3n.<\/strong><\/p>\n<p><span id=\"more-208574\"><\/span>Con un recorrido por el Sitio de Inspecciones fitosanitarias en Coquimbo, el Director Nacional del\u00a0<a title=\"Servicio Agr\u00edcola y Ganadero (SAG)\" href=\"http:\/\/www.sag.gob.cl\/home\" target=\"_blank\" rel=\"noopener nofollow\">Servicio Agr\u00edcola y Ganadero (SAG)<\/a>, Domingo Rojas Philippi; el Gerente General de Frutas de Chile, Miguel Canala-Echeverr\u00eda; el Seremi de Agricultura, Vicente Cort\u00e9s; y representantes de la\u00a0<a title=\"Sociedad Agr\u00edcola del Norte\" href=\"https:\/\/www.sanag.cl\/\" target=\"_blank\" rel=\"noopener nofollow\">Sociedad Agr\u00edcola del Norte<\/a>, junto a productores locales y funcionarios SAG, oficializaron el inicio de la temporada de exportaciones de c\u00edtricos hacia Estados Unidos.<\/p>\n<p>Durante la actividad, las autoridades relevaron la importancia estrat\u00e9gica de este Sitio de Inspecciones para la econom\u00eda regional, especialmente en una temporada que se ha visto desafiada por la presencia de brotes de mosca de la fruta. En este contexto, el correcto funcionamiento de la infraestructura y la coordinaci\u00f3n p\u00fablico-privada resultan claves para asegurar el cumplimiento de los protocolos exigidos por el mercado estadounidense y resguardar el patrimonio fitosanitario del pa\u00eds.<\/p>\n<p>Al respecto, el ministro de Agricultura, Jaime Campos, se\u00f1al\u00f3 que \u201ccomo parte del compromiso del Ministerio con el desarrollo exportador de la Regi\u00f3n de Coquimbo, hoy se marca el inicio oficial de la temporada de exportaci\u00f3n de c\u00edtricos hacia Estados Unidos.\u00a0<strong>Desde este sitio de inspecci\u00f3n fitosanitaria, fruto de la alianza entre el SAG, el USDA y Frutas de Chile, reafirmamos que la seguridad y calidad de nuestros productos son nuestra mejor carta de presentaci\u00f3n<\/strong>. Este encuentro subraya que la sinergia entre el Estado y los productores es el motor fundamental para que nuestra actividad silvoagropecuaria siga posicion\u00e1ndose con \u00e9xito en los mercados internacionales m\u00e1s exigentes\u201d.<\/p>\n<p>El Director Nacional del SAG, Domingo Rojas, quien se encuentra en la regi\u00f3n, se\u00f1al\u00f3 que \u201cestamos muy satisfechos con esta visita y con ver este sitio de inspecci\u00f3n en plena operatividad. Entendemos la importancia estrat\u00e9gica de la Regi\u00f3n de Coquimbo, la cual posee una vasta superficie de c\u00edtricos cuyo destino principal es el mercado de Estados Unidos; por ello, resulta fundamental mantener canales de comunicaci\u00f3n fluidos y eficientes entre todos los actores de la cadena exportadora\u201d.<\/p>\n<\/div>\n","protected":false},"excerpt":{"rendered":"<p>Con una visita al Sitio de Inspecciones SAG\/USDA-APHIS\/Frutas de Chile, autoridades y representantes del sector privado dieron el vamos a los env\u00edos desde la regi\u00f3n. Con un recorrido por el Sitio de Inspecciones fitosanitarias en Coquimbo, el Director Nacional del\u00a0Servicio Agr\u00edcola y Ganadero (SAG), Domingo Rojas Philippi; el Gerente General de Frutas de Chile, Miguel &hellip;<\/p>\n","protected":false},"author":2,"featured_media":13432,"comment_status":"closed","ping_status":"closed","sticky":false,"template":"","format":"standard","meta":{"footnotes":""},"categories":[2],"tags":[],"class_list":["post-13431","post","type-post","status-publish","format-standard","has-post-thumbnail","hentry","category-regionales"],"_links":{"self":[{"href":"https:\/\/www.elregional.cl\/index.php?rest_route=\/wp\/v2\/posts\/13431","targetHints":{"allow":["GET"]}}],"collection":[{"href":"https:\/\/www.elregional.cl\/index.php?rest_route=\/wp\/v2\/posts"}],"about":[{"href":"https:\/\/www.elregional.cl\/index.php?rest_route=\/wp\/v2\/types\/post"}],"author":[{"embeddable":true,"href":"https:\/\/www.elregional.cl\/index.php?rest_route=\/wp\/v2\/users\/2"}],"replies":[{"embeddable":true,"href":"https:\/\/www.elregional.cl\/index.php?rest_route=%2Fwp%2Fv2%2Fcomments&post=13431"}],"version-history":[{"count":1,"href":"https:\/\/www.elregional.cl\/index.php?rest_route=\/wp\/v2\/posts\/13431\/revisions"}],"predecessor-version":[{"id":13433,"href":"https:\/\/www.elregional.cl\/index.php?rest_route=\/wp\/v2\/posts\/13431\/revisions\/13433"}],"wp:featuredmedia":[{"embeddable":true,"href":"https:\/\/www.elregional.cl\/index.php?rest_route=\/wp\/v2\/media\/13432"}],"wp:attachment":[{"href":"https:\/\/www.elregional.cl\/index.php?rest_route=%2Fwp%2Fv2%2Fmedia&parent=13431"}],"wp:term":[{"taxonomy":"category","embeddable":true,"href":"https:\/\/www.elregional.cl\/index.php?rest_route=%2Fwp%2Fv2%2Fcategories&post=13431"},{"taxonomy":"post_tag","embeddable":true,"href":"https:\/\/www.elregional.cl\/index.php?rest_route=%2Fwp%2Fv2%2Ftags&post=13431"}],"curies":[{"name":"wp","href":"https:\/\/api.w.org\/{rel}","templated":true}]}}