{"id":13444,"date":"2026-04-25T19:14:25","date_gmt":"2026-04-25T19:14:25","guid":{"rendered":"https:\/\/www.elregional.cl\/?p=13444"},"modified":"2026-04-25T19:14:25","modified_gmt":"2026-04-25T19:14:25","slug":"dmc-advierte-heladas-de-hasta-2-c-en-la-zona-central-fenomeno-afectara-la-rm-y-otras-cinco-regiones","status":"publish","type":"post","link":"https:\/\/www.elregional.cl\/?p=13444","title":{"rendered":"DMC advierte heladas de hasta -2\u00b0 C en la zona central: Fen\u00f3meno afectar\u00e1 la RM y otras cinco regiones"},"content":{"rendered":"<header class=\"main-article__header | all:margin-block-end-24\">\n<figure class=\"main-article-info__author main-author-card\"><\/figure>\n<\/header>\n<div class=\"main-article__body main-layout\">\n<section class=\"main-article__content main-layout__item\">\n<div class=\"main-article__text main-article-text | js-content-post | all:margin-block-start-20 all:margin-block-end-24\">\n<p>Por: Andr\u00e9s Sandoval Z.<\/p>\n<p>La Direcci\u00f3n Meteorol\u00f3gica de Chile (DMC) emiti\u00f3 una advertencia por <strong>heladas de origen polar<\/strong>\u00a0que impactar\u00e1n a la zona central del pa\u00eds en los pr\u00f3ximos d\u00edas, con temperaturas que\u00a0<strong>podr\u00edan descender hasta los -2\u00b0C<\/strong>\u00a0en algunos sectores.<\/p>\n<p>De acuerdo al organismo, el fen\u00f3meno se registrar\u00e1 principalmente entre el\u00a0<strong>domingo 26 y lunes 27 de abril<\/strong>, debido al ingreso de una masa de aire fr\u00edo que provocar\u00e1 una baja significativa en las temperaturas desde la\u00a0<strong>Regi\u00f3n de Valpara\u00edso hasta la Regi\u00f3n del Biob\u00edo<\/strong>.<\/p>\n<h2>Santiago tendr\u00e1 su d\u00eda m\u00e1s fr\u00edo el lunes<\/h2>\n<p>En la Regi\u00f3n Metropolitana, la jornada m\u00e1s fr\u00eda ser\u00e1 el lunes. En los valles, las m\u00ednimas\u00a0<strong>oscilar\u00e1n entre los 2\u00b0C y 4\u00b0C<\/strong>, mientras que en sectores precordilleranos podr\u00edan bajar a\u00fan m\u00e1s.<\/p>\n<p>Seg\u00fan el detalle entregado por la DMC, zonas\u00a0<strong>cercanas a la precordillera<\/strong>\u00a0podr\u00edan registrar\u00a0<strong>temperaturas en torno a 1\u00b0C<\/strong>, lo que eleva el riesgo de formaci\u00f3n de escarcha durante la madrugada.<\/p>\n<h3>Impacto en varias regiones<\/h3>\n<p>El evento tendr\u00e1\u00a0<strong>car\u00e1cter transversal en la zona central<\/strong>, afectando valles, cordillera de la costa y sectores precordilleranos. En ese sentido, en la\u00a0<strong>Regi\u00f3n de O\u2019Higgins<\/strong>\u00a0se esperan\u00a0<strong>m\u00ednimas de hasta -1\u00b0C<\/strong>, mientras que en el\u00a0<strong>Maule<\/strong>\u00a0los term\u00f3metros\u00a0<strong>bordear\u00e1n los 0\u00b0C<\/strong>.<\/p>\n<p>Las condiciones m\u00e1s extremas se proyectan en las\u00a0<strong>regiones\u00a0 de \u00d1uble y Biob\u00edo<\/strong>, donde las temperaturas podr\u00edan alcanzar los -2\u00b0C, incluso en algunos sectores de valle.<\/p>\n<p>Desde la DMC advirtieron que este tipo de eventos\u00a0<strong>puede provocar congelamiento de superficies<\/strong>\u00a0y afectar actividades agr\u00edcolas, especialmente durante las primeras horas del d\u00eda.<\/p>\n<p>Por ello, el llamado es a\u00a0<strong>tomar precauciones<\/strong>, tanto a nivel domiciliario como en sectores productivos expuestos a bajas temperaturas.<\/p>\n<\/div>\n<\/section>\n<\/div>\n","protected":false},"excerpt":{"rendered":"<p>Por: Andr\u00e9s Sandoval Z. La Direcci\u00f3n Meteorol\u00f3gica de Chile (DMC) emiti\u00f3 una advertencia por heladas de origen polar\u00a0que impactar\u00e1n a la zona central del pa\u00eds en los pr\u00f3ximos d\u00edas, con temperaturas que\u00a0podr\u00edan descender hasta los -2\u00b0C\u00a0en algunos sectores. De acuerdo al organismo, el fen\u00f3meno se registrar\u00e1 principalmente entre el\u00a0domingo 26 y lunes 27 de abril, &hellip;<\/p>\n","protected":false},"author":2,"featured_media":13445,"comment_status":"closed","ping_status":"closed","sticky":false,"template":"","format":"standard","meta":{"footnotes":""},"categories":[3],"tags":[],"class_list":["post-13444","post","type-post","status-publish","format-standard","has-post-thumbnail","hentry","category-pais"],"_links":{"self":[{"href":"https:\/\/www.elregional.cl\/index.php?rest_route=\/wp\/v2\/posts\/13444","targetHints":{"allow":["GET"]}}],"collection":[{"href":"https:\/\/www.elregional.cl\/index.php?rest_route=\/wp\/v2\/posts"}],"about":[{"href":"https:\/\/www.elregional.cl\/index.php?rest_route=\/wp\/v2\/types\/post"}],"author":[{"embeddable":true,"href":"https:\/\/www.elregional.cl\/index.php?rest_route=\/wp\/v2\/users\/2"}],"replies":[{"embeddable":true,"href":"https:\/\/www.elregional.cl\/index.php?rest_route=%2Fwp%2Fv2%2Fcomments&post=13444"}],"version-history":[{"count":1,"href":"https:\/\/www.elregional.cl\/index.php?rest_route=\/wp\/v2\/posts\/13444\/revisions"}],"predecessor-version":[{"id":13446,"href":"https:\/\/www.elregional.cl\/index.php?rest_route=\/wp\/v2\/posts\/13444\/revisions\/13446"}],"wp:featuredmedia":[{"embeddable":true,"href":"https:\/\/www.elregional.cl\/index.php?rest_route=\/wp\/v2\/media\/13445"}],"wp:attachment":[{"href":"https:\/\/www.elregional.cl\/index.php?rest_route=%2Fwp%2Fv2%2Fmedia&parent=13444"}],"wp:term":[{"taxonomy":"category","embeddable":true,"href":"https:\/\/www.elregional.cl\/index.php?rest_route=%2Fwp%2Fv2%2Fcategories&post=13444"},{"taxonomy":"post_tag","embeddable":true,"href":"https:\/\/www.elregional.cl\/index.php?rest_route=%2Fwp%2Fv2%2Ftags&post=13444"}],"curies":[{"name":"wp","href":"https:\/\/api.w.org\/{rel}","templated":true}]}}