{"id":13454,"date":"2026-04-25T19:21:15","date_gmt":"2026-04-25T19:21:15","guid":{"rendered":"https:\/\/www.elregional.cl\/?p=13454"},"modified":"2026-04-25T19:21:15","modified_gmt":"2026-04-25T19:21:15","slug":"tragica-colision-en-illapel-deja-un-joven-fallecido-y-tres-lesionados","status":"publish","type":"post","link":"https:\/\/www.elregional.cl\/?p=13454","title":{"rendered":"Tr\u00e1gica colisi\u00f3n en Illapel deja un joven fallecido y tres lesionados"},"content":{"rendered":"<div class=\"td-post-header\">\n<header class=\"td-post-title\">\n<div class=\"td-module-meta-info\">\u00a0<i class=\"td-icon-googleplus\"><\/i>\u00a0<i class=\"td-icon-pinterest\"><\/i><\/div>\n<\/header>\n<\/div>\n<div class=\"td-post-content\">\n<p><em><strong>Durante la madrugada de este s\u00e1bado, a las 02:30 horas, Carabineros de la 4\u00aa Comisar\u00eda de Illapel concurri\u00f3 a la Ruta D-705, sector Auc\u00f3, kil\u00f3metro 10, donde se constat\u00f3 una colisi\u00f3n de alta energ\u00eda entre dos veh\u00edculos menores.<\/strong><\/em><\/p>\n<p>Al llegar al lugar, los ocupantes de ambos m\u00f3viles ya estaban siendo trasladados por personal del SAMU y por medios particulares hacia centros asistenciales de la zona.<\/p>\n<p><strong>Fallecido<\/strong><\/p>\n<p>A las 03:30 horas, en el Hospital Local de Illapel, se confirm\u00f3 el fallecimiento de un joven de 22 a\u00f1os, M.I.L.R., debido a la gravedad de las lesiones sufridas en el accidente.<\/p>\n<p>En tanto \u00a0personal \u00a0policial apostado en el recinto asistencial identific\u00f3 a tres adultos vinculados al hecho, \u00a0dos \u00a0de ellos se encuentran fuera de riesgo vital y un tercero fue derivado al Hospital de Coquimbo, en reanimaci\u00f3n, con fractura de cadera y riesgo vital.<\/p>\n<p>Todos los involucrados son adultos, de nacionalidad chilena, sin antecedentes penales, y los veh\u00edculos no mantienen encargo vigente.<\/p>\n<p><strong>Instrucciones del Ministerio P\u00fablico<\/strong><\/p>\n<p>El Fiscal de Turno, instruy\u00f3 la concurrencia de personal especializado de la SIAT de Carabineros, con el fin de establecer la din\u00e1mica del accidente y determinar su causa basal.<\/p>\n<p>David noticias.cl<\/p>\n<\/div>\n","protected":false},"excerpt":{"rendered":"<p>\u00a0\u00a0 Durante la madrugada de este s\u00e1bado, a las 02:30 horas, Carabineros de la 4\u00aa Comisar\u00eda de Illapel concurri\u00f3 a la Ruta D-705, sector Auc\u00f3, kil\u00f3metro 10, donde se constat\u00f3 una colisi\u00f3n de alta energ\u00eda entre dos veh\u00edculos menores. Al llegar al lugar, los ocupantes de ambos m\u00f3viles ya estaban siendo trasladados por personal del &hellip;<\/p>\n","protected":false},"author":2,"featured_media":13455,"comment_status":"closed","ping_status":"closed","sticky":false,"template":"","format":"standard","meta":{"footnotes":""},"categories":[2],"tags":[],"class_list":["post-13454","post","type-post","status-publish","format-standard","has-post-thumbnail","hentry","category-regionales"],"_links":{"self":[{"href":"https:\/\/www.elregional.cl\/index.php?rest_route=\/wp\/v2\/posts\/13454","targetHints":{"allow":["GET"]}}],"collection":[{"href":"https:\/\/www.elregional.cl\/index.php?rest_route=\/wp\/v2\/posts"}],"about":[{"href":"https:\/\/www.elregional.cl\/index.php?rest_route=\/wp\/v2\/types\/post"}],"author":[{"embeddable":true,"href":"https:\/\/www.elregional.cl\/index.php?rest_route=\/wp\/v2\/users\/2"}],"replies":[{"embeddable":true,"href":"https:\/\/www.elregional.cl\/index.php?rest_route=%2Fwp%2Fv2%2Fcomments&post=13454"}],"version-history":[{"count":1,"href":"https:\/\/www.elregional.cl\/index.php?rest_route=\/wp\/v2\/posts\/13454\/revisions"}],"predecessor-version":[{"id":13456,"href":"https:\/\/www.elregional.cl\/index.php?rest_route=\/wp\/v2\/posts\/13454\/revisions\/13456"}],"wp:featuredmedia":[{"embeddable":true,"href":"https:\/\/www.elregional.cl\/index.php?rest_route=\/wp\/v2\/media\/13455"}],"wp:attachment":[{"href":"https:\/\/www.elregional.cl\/index.php?rest_route=%2Fwp%2Fv2%2Fmedia&parent=13454"}],"wp:term":[{"taxonomy":"category","embeddable":true,"href":"https:\/\/www.elregional.cl\/index.php?rest_route=%2Fwp%2Fv2%2Fcategories&post=13454"},{"taxonomy":"post_tag","embeddable":true,"href":"https:\/\/www.elregional.cl\/index.php?rest_route=%2Fwp%2Fv2%2Ftags&post=13454"}],"curies":[{"name":"wp","href":"https:\/\/api.w.org\/{rel}","templated":true}]}}