{"id":13458,"date":"2026-04-25T19:27:22","date_gmt":"2026-04-25T19:27:22","guid":{"rendered":"https:\/\/www.elregional.cl\/?p=13458"},"modified":"2026-04-25T19:27:22","modified_gmt":"2026-04-25T19:27:22","slug":"iran-amenazada-con-responder-a-ee-uu-si-mantiene-bloqueo-naval","status":"publish","type":"post","link":"https:\/\/www.elregional.cl\/?p=13458","title":{"rendered":"Ir\u00e1n amenazada con responder a EE.UU si mantiene bloqueo naval"},"content":{"rendered":"<div class=\"container-resumen-ia\">\n<div id=\"resumen-ia\" class=\"resumen-ia\">\n<div class=\"mostrar-parrafo-resumen\">\n<div id=\"__BVID__5\" class=\"collapse show\">\n<div class=\"resumen-generado\">\n<p>Las Fuerzas Armadas iran\u00edes advirtieron a EE.UU. sobre las consecuencias del bloqueo naval a puertos iran\u00edes y amenazaron con una respuesta firme. El Cuartel General Central Jatam al Anbiya afirm\u00f3 que est\u00e1n preparados para defender la soberan\u00eda nacional y que EE.UU. ya ha experimentado su poder durante la guerra que comenz\u00f3 el 28 de febrero. Ir\u00e1n asegura mantener la vigilancia en la regi\u00f3n y control del estrecho de Ormuz, prometiendo una mayor contundencia en caso de agresi\u00f3n. Esta advertencia llega luego de que EE.UU. interceptara un buque iran\u00ed el viernes y de que 34 barcos fueran detenidos desde el inicio del bloqueo en abril.<\/p>\n<\/div>\n<\/div>\n<\/div>\n<\/div>\n<\/div>\n<div class=\"post-content banners-contenido-nota-6806707\">\n<p>Las\u00a0<span class=\"destacador destacado\">Fuerzas Armadas iran\u00edes advirtieron este s\u00e1bado a Estados Unidos sobre las consecuencias de continuar con el bloqueo naval\u00a0<\/span>de los puertos iran\u00edes, lo que calificaron como acciones de \u201cbandolerismo y pirater\u00eda\u201d, y amenazaron con dar una respuesta firme.<\/p>\n<div><\/div>\n<p>\u201cSi el Ej\u00e9rcito estadounidense agresor contin\u00faa con el bloqueo, el bandolerismo y la pirater\u00eda en la regi\u00f3n,\u00a0<strong>debe estar seguro de que se enfrentar\u00e1 a la respuesta de las poderosas Fuerzas Armadas de Ir\u00e1n\u201d,<\/strong>\u00a0asegur\u00f3 el Cuartel General Central Jatam al Anbiya en un comunicado recogido por la agencia IRNA.<\/p>\n<p>El ente militar, que coordina al Ej\u00e9rcito regular iran\u00ed con la Guardia Revolucionaria, indic\u00f3 que las\u00a0<strong>Fuerzas Armadas cuentan actualmente con \u201cmayor capacidad y preparaci\u00f3n que antes\u201d para defender la soberan\u00eda, el territorio y los intereses nacionales,\u00a0<\/strong>y sostuvo que EE.UU. \u201cya ha experimentado parte de este poder\u201d durante la guerra que comenz\u00f3 el 28 de febrero.<\/p>\n<\/div>\n","protected":false},"excerpt":{"rendered":"<p>Las Fuerzas Armadas iran\u00edes advirtieron a EE.UU. sobre las consecuencias del bloqueo naval a puertos iran\u00edes y amenazaron con una respuesta firme. El Cuartel General Central Jatam al Anbiya afirm\u00f3 que est\u00e1n preparados para defender la soberan\u00eda nacional y que EE.UU. ya ha experimentado su poder durante la guerra que comenz\u00f3 el 28 de febrero. &hellip;<\/p>\n","protected":false},"author":2,"featured_media":13460,"comment_status":"closed","ping_status":"closed","sticky":false,"template":"","format":"standard","meta":{"footnotes":""},"categories":[4],"tags":[],"class_list":["post-13458","post","type-post","status-publish","format-standard","has-post-thumbnail","hentry","category-mundo"],"_links":{"self":[{"href":"https:\/\/www.elregional.cl\/index.php?rest_route=\/wp\/v2\/posts\/13458","targetHints":{"allow":["GET"]}}],"collection":[{"href":"https:\/\/www.elregional.cl\/index.php?rest_route=\/wp\/v2\/posts"}],"about":[{"href":"https:\/\/www.elregional.cl\/index.php?rest_route=\/wp\/v2\/types\/post"}],"author":[{"embeddable":true,"href":"https:\/\/www.elregional.cl\/index.php?rest_route=\/wp\/v2\/users\/2"}],"replies":[{"embeddable":true,"href":"https:\/\/www.elregional.cl\/index.php?rest_route=%2Fwp%2Fv2%2Fcomments&post=13458"}],"version-history":[{"count":2,"href":"https:\/\/www.elregional.cl\/index.php?rest_route=\/wp\/v2\/posts\/13458\/revisions"}],"predecessor-version":[{"id":13461,"href":"https:\/\/www.elregional.cl\/index.php?rest_route=\/wp\/v2\/posts\/13458\/revisions\/13461"}],"wp:featuredmedia":[{"embeddable":true,"href":"https:\/\/www.elregional.cl\/index.php?rest_route=\/wp\/v2\/media\/13460"}],"wp:attachment":[{"href":"https:\/\/www.elregional.cl\/index.php?rest_route=%2Fwp%2Fv2%2Fmedia&parent=13458"}],"wp:term":[{"taxonomy":"category","embeddable":true,"href":"https:\/\/www.elregional.cl\/index.php?rest_route=%2Fwp%2Fv2%2Fcategories&post=13458"},{"taxonomy":"post_tag","embeddable":true,"href":"https:\/\/www.elregional.cl\/index.php?rest_route=%2Fwp%2Fv2%2Ftags&post=13458"}],"curies":[{"name":"wp","href":"https:\/\/api.w.org\/{rel}","templated":true}]}}