{"id":13464,"date":"2026-04-25T19:30:53","date_gmt":"2026-04-25T19:30:53","guid":{"rendered":"https:\/\/www.elregional.cl\/?p=13464"},"modified":"2026-04-25T19:30:53","modified_gmt":"2026-04-25T19:30:53","slug":"en-carrizal-se-vivio-la-primera-fiesta-del-criancero-del-ano-en-monte-patria","status":"publish","type":"post","link":"https:\/\/www.elregional.cl\/?p=13464","title":{"rendered":"En Carrizal se vivi\u00f3 la primera Fiesta del Criancero del a\u00f1o en Monte Patria"},"content":{"rendered":"<div class=\"td_block_wrap tdb_title tdi_48 tdb-single-title td-pb-border-top td_block_template_1\" data-td-block-uid=\"tdi_48\">\n<div class=\"tdb-block-inner td-fix-index\">\n<h1 class=\"tdb-title-text\"><\/h1>\n<\/div>\n<\/div>\n<div class=\"td_block_wrap tdb_single_content tdi_55 td-pb-border-top td_block_template_1 td-post-content tagdiv-type\" data-td-block-uid=\"tdi_55\">\n<div class=\"tdb-block-inner td-fix-index\">\n<p><strong><em>Durante el a\u00f1o la actividad se replicar\u00e1 en otras localidades de la comuna, como Piedras Bonitas, C\u00e1rcamo, Pejerreyes, Tulahu\u00e9n y Las Ramadas.<\/em><\/strong><\/p>\n<p>La crianza de ganado caprino es una de las actividades productivas m\u00e1s tradicionales de la comuna de Monte Patria, y es en este contexto que a lo largo del a\u00f1o se organizan en diferentes localidades la \u201cFiesta del Criancero\u201d, con el objetivo de reconocer dicho rubro.<\/p>\n<p>El pasado s\u00e1bado 18 de abril, en Carrizal, se vivi\u00f3 el primer evento de este tipo en el a\u00f1o, con la organizaci\u00f3n de los crianceros del sector junto al apoyo del Municipio de Monte Patria.<\/p>\n<p>De esta manera, durante la jornada se desarroll\u00f3 un gran panorama familiar, con m\u00fasica, humor, gastronom\u00eda t\u00edpica y juegos cordilleranos que rescatan las tradiciones de la zona. Asimismo, hubo espacio para reconocimientos a crianceros, colaboradores, vecinos, funcionarios municipales y autoridades, as\u00ed como un emotivo homenaje p\u00f3stumo a quienes ya partieron de esta vida, en especial a Justo Abel Castillo y Blanca Ester Mu\u00f1oz, quienes fallecieron horas antes del evento.<\/p>\n<p>El Presidente de los Crianceros de Carrizal, Clemente B\u00f3rquez, realiz\u00f3 un positivo balance de esta actividad que se ha desarrollado por segundo a\u00f1o consecutivo. Asimismo, quiso agradecer la colaboraci\u00f3n de toda la comunidad, \u201cestamos muy contentos y tranquilos, la gente es muy linda ac\u00e1. Por lo menos nos sali\u00f3 bien la actividad, nos cost\u00f3, pero todo sali\u00f3 bien, mi mensaje para la gente es de agradecimiento, estoy muy orgulloso de ellos, ojal\u00e1 nos sigan cooperando\u201d, apunt\u00f3.<\/p>\n<figure class=\"wp-block-image size-full\"><a class=\"td-modal-image\" href=\"https:\/\/ovallehoy.cl\/wp-content\/uploads\/2026\/04\/FIESTA-DEL-CRIANCERO-CARRIZAL-4.jpg\"><img loading=\"lazy\" decoding=\"async\" class=\"wp-image-123542 td-animation-stack-type0-2\" src=\"https:\/\/ovallehoy.cl\/wp-content\/uploads\/2026\/04\/FIESTA-DEL-CRIANCERO-CARRIZAL-4.jpg\" alt=\"\" width=\"4608\" height=\"3072\" \/><\/a><\/figure>\n<p>Por su parte, una de las vecinas del sector, Nolvia Estela B\u00f3rquez Parra, manifest\u00f3 su emoci\u00f3n por el homenaje p\u00f3stumo a los crianceros fallecidos, \u201cestoy feliz, pero a la vez con sentimientos encontrados, marcharon dos apicultores y crianceros, Justo Castillo y la se\u00f1ora Blanca Mu\u00f1oz, de hecho, ella en este momento est\u00e1 en su velatorio, pero la fiesta ten\u00eda que seguir, hay cosas que no se pueden suspender, igual la acompa\u00f1aos y realizamos un reconocimiento para tenerlos presentes en la fiesta\u201d, se\u00f1al\u00f3.<\/p>\n<\/div>\n<\/div>\n","protected":false},"excerpt":{"rendered":"<p>Durante el a\u00f1o la actividad se replicar\u00e1 en otras localidades de la comuna, como Piedras Bonitas, C\u00e1rcamo, Pejerreyes, Tulahu\u00e9n y Las Ramadas. La crianza de ganado caprino es una de las actividades productivas m\u00e1s tradicionales de la comuna de Monte Patria, y es en este contexto que a lo largo del a\u00f1o se organizan en &hellip;<\/p>\n","protected":false},"author":2,"featured_media":13465,"comment_status":"closed","ping_status":"closed","sticky":false,"template":"","format":"standard","meta":{"footnotes":""},"categories":[2],"tags":[],"class_list":["post-13464","post","type-post","status-publish","format-standard","has-post-thumbnail","hentry","category-regionales"],"_links":{"self":[{"href":"https:\/\/www.elregional.cl\/index.php?rest_route=\/wp\/v2\/posts\/13464","targetHints":{"allow":["GET"]}}],"collection":[{"href":"https:\/\/www.elregional.cl\/index.php?rest_route=\/wp\/v2\/posts"}],"about":[{"href":"https:\/\/www.elregional.cl\/index.php?rest_route=\/wp\/v2\/types\/post"}],"author":[{"embeddable":true,"href":"https:\/\/www.elregional.cl\/index.php?rest_route=\/wp\/v2\/users\/2"}],"replies":[{"embeddable":true,"href":"https:\/\/www.elregional.cl\/index.php?rest_route=%2Fwp%2Fv2%2Fcomments&post=13464"}],"version-history":[{"count":1,"href":"https:\/\/www.elregional.cl\/index.php?rest_route=\/wp\/v2\/posts\/13464\/revisions"}],"predecessor-version":[{"id":13466,"href":"https:\/\/www.elregional.cl\/index.php?rest_route=\/wp\/v2\/posts\/13464\/revisions\/13466"}],"wp:featuredmedia":[{"embeddable":true,"href":"https:\/\/www.elregional.cl\/index.php?rest_route=\/wp\/v2\/media\/13465"}],"wp:attachment":[{"href":"https:\/\/www.elregional.cl\/index.php?rest_route=%2Fwp%2Fv2%2Fmedia&parent=13464"}],"wp:term":[{"taxonomy":"category","embeddable":true,"href":"https:\/\/www.elregional.cl\/index.php?rest_route=%2Fwp%2Fv2%2Fcategories&post=13464"},{"taxonomy":"post_tag","embeddable":true,"href":"https:\/\/www.elregional.cl\/index.php?rest_route=%2Fwp%2Fv2%2Ftags&post=13464"}],"curies":[{"name":"wp","href":"https:\/\/api.w.org\/{rel}","templated":true}]}}