{"id":13469,"date":"2026-04-25T19:40:03","date_gmt":"2026-04-25T19:40:03","guid":{"rendered":"https:\/\/www.elregional.cl\/?p=13469"},"modified":"2026-04-25T19:40:03","modified_gmt":"2026-04-25T19:40:03","slug":"con-gol-del-legendario-oso-pratto-coquimbo-se-trajo-los-tres-puntos-desde-calera","status":"publish","type":"post","link":"https:\/\/www.elregional.cl\/?p=13469","title":{"rendered":"Con gol del legendario \u00aboso\u00bb Pratto Coquimbo se trajo los tres puntos desde Calera"},"content":{"rendered":"<header class=\"scr-hdr\">\n<div class=\"ct\">\n<div class=\"ct\">\n<section class=\"scr-hdr__scr is-postgame\" data-state=\"SPORT_EVENT_STATE_FINISHED\" data-team-home-name=\"U. La Calera\" data-team-away-name=\"Coquimbo Unido\" data-team-home-id=\"3930\" data-team-away-id=\"4178\" data-id=\"697cace2ee8de70\" data-competition-id=\"2c865d73643b343e8c3d48936fcab723\" data-competition-name=\"Liga Chilena\" data-competition=\"chile\" data-country-name=\"Chile\" data-sport=\"football\" data-datetime=\"2026-04-24T22:00:00Z\">\n<div class=\"scr-hdr__team is-local\"><\/div>\n<\/section>\n<\/div>\n<\/div>\n<\/header>\n<div class=\"wr-c\"><main><\/p>\n<article class=\"a\">\n<div class=\"a_c\">\n<p class=\"\"><b>Coquimbo Unido volvi\u00f3 a festejar en el Campeonato Nacional.\u00a0<\/b>El equipo pirata visit\u00f3 el Nicol\u00e1s Chahu\u00e1n Nazar y\u00a0<a title=\"https:\/\/chile.as.com\/resultados\/futbol\/chile\/2026\/directo\/regular_a_11_697cace2ee8de70\/\" href=\"https:\/\/chile.as.com\/resultados\/futbol\/chile\/2026\/directo\/regular_a_11_697cace2ee8de70\/\" target=\"_blank\" rel=\"noopener\" data-mrf-link=\"https:\/\/chile.as.com\/resultados\/futbol\/chile\/2026\/directo\/regular_a_11_697cace2ee8de70\/\"><b>super\u00f3 por 1-2 a Uni\u00f3n La Calera<\/b><\/a>, en un partido v\u00e1lido por la und\u00e9cima fecha.<\/p>\n<div class=\"ad\" data-adtype=\"MPU\">\n<div class=\"ad__cnt self\">\n<div><\/div>\n<\/div>\n<\/div>\n<p class=\"\"><b>Parec\u00eda que los piratas se llevaban la victoria por la cuenta m\u00ednima, tras el gol de Pablo Rodr\u00edguez<\/b>, quien a los 63\u2019 anot\u00f3 en la boca del arco, aprovechando un pase de Cristi\u00e1n Zavala.<\/p>\n<p class=\"\"><b>Sin embargo, el final del duelo fue muy loco e inesperado.<\/b> A los 90+2\u2032, Sebasti\u00e1n S\u00e1ez estableci\u00f3 el empate y, hasta ese momento, La Calera sal\u00eda de la zona de descenso.<\/p>\n<p class=\"\">La alegr\u00eda del local, eso s\u00ed, dur\u00f3 muy poco. Y es que dos minutos m\u00e1s tarde,\u00a0<b>Lucas Pratto dispar\u00f3 de distancia y el bal\u00f3n se meti\u00f3 en el arco de Nicol\u00e1s Avellaneda<\/b>, luego de un desv\u00edo en Franco C\u00e1seres.<\/p>\n<p class=\"\">Con este resultado, Coquimbo Unido es sexto con 16 puntos y Uni\u00f3n La Calera sigue sufriendo en la parte baja de la tabla: es pen\u00faltimo con 10 unidades.\u00a0<a title=\"https:\/\/chile.as.com\/resultados\/futbol\/chile\/clasificacion\/?omnil=mod_resul\" href=\"https:\/\/chile.as.com\/resultados\/futbol\/chile\/clasificacion\/?omnil=mod_resul\" target=\"_blank\" rel=\"noopener\" data-mrf-link=\"https:\/\/chile.as.com\/resultados\/futbol\/chile\/clasificacion\/\"><b>Las dos derrotas por secretar\u00eda golpearon bastante al elenco de Mart\u00edn Cicotello.<\/b><\/a><\/p>\n<\/div>\n<\/article>\n<p><\/main><\/div>\n","protected":false},"excerpt":{"rendered":"<p>Coquimbo Unido volvi\u00f3 a festejar en el Campeonato Nacional.\u00a0El equipo pirata visit\u00f3 el Nicol\u00e1s Chahu\u00e1n Nazar y\u00a0super\u00f3 por 1-2 a Uni\u00f3n La Calera, en un partido v\u00e1lido por la und\u00e9cima fecha. Parec\u00eda que los piratas se llevaban la victoria por la cuenta m\u00ednima, tras el gol de Pablo Rodr\u00edguez, quien a los 63\u2019 anot\u00f3 en &hellip;<\/p>\n","protected":false},"author":2,"featured_media":13470,"comment_status":"closed","ping_status":"closed","sticky":false,"template":"","format":"standard","meta":{"footnotes":""},"categories":[5],"tags":[],"class_list":["post-13469","post","type-post","status-publish","format-standard","has-post-thumbnail","hentry","category-deportes"],"_links":{"self":[{"href":"https:\/\/www.elregional.cl\/index.php?rest_route=\/wp\/v2\/posts\/13469","targetHints":{"allow":["GET"]}}],"collection":[{"href":"https:\/\/www.elregional.cl\/index.php?rest_route=\/wp\/v2\/posts"}],"about":[{"href":"https:\/\/www.elregional.cl\/index.php?rest_route=\/wp\/v2\/types\/post"}],"author":[{"embeddable":true,"href":"https:\/\/www.elregional.cl\/index.php?rest_route=\/wp\/v2\/users\/2"}],"replies":[{"embeddable":true,"href":"https:\/\/www.elregional.cl\/index.php?rest_route=%2Fwp%2Fv2%2Fcomments&post=13469"}],"version-history":[{"count":1,"href":"https:\/\/www.elregional.cl\/index.php?rest_route=\/wp\/v2\/posts\/13469\/revisions"}],"predecessor-version":[{"id":13471,"href":"https:\/\/www.elregional.cl\/index.php?rest_route=\/wp\/v2\/posts\/13469\/revisions\/13471"}],"wp:featuredmedia":[{"embeddable":true,"href":"https:\/\/www.elregional.cl\/index.php?rest_route=\/wp\/v2\/media\/13470"}],"wp:attachment":[{"href":"https:\/\/www.elregional.cl\/index.php?rest_route=%2Fwp%2Fv2%2Fmedia&parent=13469"}],"wp:term":[{"taxonomy":"category","embeddable":true,"href":"https:\/\/www.elregional.cl\/index.php?rest_route=%2Fwp%2Fv2%2Fcategories&post=13469"},{"taxonomy":"post_tag","embeddable":true,"href":"https:\/\/www.elregional.cl\/index.php?rest_route=%2Fwp%2Fv2%2Ftags&post=13469"}],"curies":[{"name":"wp","href":"https:\/\/api.w.org\/{rel}","templated":true}]}}