{"id":13473,"date":"2026-04-25T22:00:14","date_gmt":"2026-04-25T22:00:14","guid":{"rendered":"https:\/\/www.elregional.cl\/?p=13473"},"modified":"2026-04-25T22:00:14","modified_gmt":"2026-04-25T22:00:14","slug":"carabineros-de-la-serena-detiene-a-dos-sujetos-que-circulaban-en-moto-robada","status":"publish","type":"post","link":"https:\/\/www.elregional.cl\/?p=13473","title":{"rendered":"Carabineros de La Serena detiene a dos sujetos que circulaban en moto robada"},"content":{"rendered":"<p>&nbsp;<\/p>\n<p>Durante la noche, personal de Carabineros de la 1\u00aa Comisar\u00eda de La Serena logr\u00f3 la detenci\u00f3n de dos sujetos que se desplazaban por el sector de San Joaqu\u00edn en una motocicleta con encargo por robo.<\/p>\n<p>Seg\u00fan la informaci\u00f3n entregada, los individuos manten\u00edan una actitud sospechosa, lo que motiv\u00f3 una fiscalizaci\u00f3n por parte de los funcionarios que realizaban servicios preventivos en el sector. Tras la inspecci\u00f3n, se confirm\u00f3 que la motocicleta hab\u00eda sido sustra\u00edda, procediendo a la detenci\u00f3n de ambos ocupantes, dos hombres de 22 y 19 a\u00f1os.<\/p>\n<p>La motocicleta fue recuperada y los antecedentes quedaron a disposici\u00f3n de la justicia.<\/p>\n<p>&nbsp;<\/p>\n","protected":false},"excerpt":{"rendered":"<p>&nbsp; Durante la noche, personal de Carabineros de la 1\u00aa Comisar\u00eda de La Serena logr\u00f3 la detenci\u00f3n de dos sujetos que se desplazaban por el sector de San Joaqu\u00edn en una motocicleta con encargo por robo. Seg\u00fan la informaci\u00f3n entregada, los individuos manten\u00edan una actitud sospechosa, lo que motiv\u00f3 una fiscalizaci\u00f3n por parte de los &hellip;<\/p>\n","protected":false},"author":2,"featured_media":13474,"comment_status":"closed","ping_status":"closed","sticky":false,"template":"","format":"standard","meta":{"footnotes":""},"categories":[2],"tags":[],"class_list":["post-13473","post","type-post","status-publish","format-standard","has-post-thumbnail","hentry","category-regionales"],"_links":{"self":[{"href":"https:\/\/www.elregional.cl\/index.php?rest_route=\/wp\/v2\/posts\/13473","targetHints":{"allow":["GET"]}}],"collection":[{"href":"https:\/\/www.elregional.cl\/index.php?rest_route=\/wp\/v2\/posts"}],"about":[{"href":"https:\/\/www.elregional.cl\/index.php?rest_route=\/wp\/v2\/types\/post"}],"author":[{"embeddable":true,"href":"https:\/\/www.elregional.cl\/index.php?rest_route=\/wp\/v2\/users\/2"}],"replies":[{"embeddable":true,"href":"https:\/\/www.elregional.cl\/index.php?rest_route=%2Fwp%2Fv2%2Fcomments&post=13473"}],"version-history":[{"count":1,"href":"https:\/\/www.elregional.cl\/index.php?rest_route=\/wp\/v2\/posts\/13473\/revisions"}],"predecessor-version":[{"id":13475,"href":"https:\/\/www.elregional.cl\/index.php?rest_route=\/wp\/v2\/posts\/13473\/revisions\/13475"}],"wp:featuredmedia":[{"embeddable":true,"href":"https:\/\/www.elregional.cl\/index.php?rest_route=\/wp\/v2\/media\/13474"}],"wp:attachment":[{"href":"https:\/\/www.elregional.cl\/index.php?rest_route=%2Fwp%2Fv2%2Fmedia&parent=13473"}],"wp:term":[{"taxonomy":"category","embeddable":true,"href":"https:\/\/www.elregional.cl\/index.php?rest_route=%2Fwp%2Fv2%2Fcategories&post=13473"},{"taxonomy":"post_tag","embeddable":true,"href":"https:\/\/www.elregional.cl\/index.php?rest_route=%2Fwp%2Fv2%2Ftags&post=13473"}],"curies":[{"name":"wp","href":"https:\/\/api.w.org\/{rel}","templated":true}]}}