{"id":13477,"date":"2026-04-26T06:21:00","date_gmt":"2026-04-26T06:21:00","guid":{"rendered":"https:\/\/www.elregional.cl\/?p=13477"},"modified":"2026-04-26T06:21:00","modified_gmt":"2026-04-26T06:21:00","slug":"pdi-incauta-12-mil-dosis-de-drogas-en-los-vilos-y-desarticula-red-criminal","status":"publish","type":"post","link":"https:\/\/www.elregional.cl\/?p=13477","title":{"rendered":"PDI incauta 12 mil dosis de drogas en Los Vilos y desarticula red criminal"},"content":{"rendered":"<header class=\"js-link-static | main-header\">\n<div class=\"main-header__wrapper main-header-wrapper | desktop:padding-block-20 mobile:padding-block-16\">\n<div class=\"main-header-wrapper__container | u-container\"><\/div>\n<\/div>\n<\/header>\n<div class=\"js-content-static\">\n<div class=\"js_main_content\"><main class=\"js-link-static js-content-static-scroll | main | mobile:margin-block-20 desktop:margin-block-24 is-current\"><\/p>\n<div class=\"main__container | u-container\">\n<article class=\"main-article | mobile:margin-block-end-20 desktop:margin-block-end-104\">\n<div class=\"main-article__body main-layout\">\n<section class=\"main-article__content main-layout__item\">\n<div class=\"main-article__text main-article-text | js-content-post | all:margin-block-start-20 all:margin-block-end-24\">\n<p class=\"isSelectedEnd\">Un operativo policial permiti\u00f3 la\u00a0<strong>incautaci\u00f3n de 12 mil dosis de drogas en Los Vilos<\/strong>, en el marco de una investigaci\u00f3n desarrollada por la Polic\u00eda de Investigaciones (PDI) en coordinaci\u00f3n con el Ministerio P\u00fablico.\u00a0<strong>El procedimiento culmin\u00f3 con la detenci\u00f3n y formalizaci\u00f3n de seis personas<\/strong>, vinculadas a una estructura dedicada al microtr\u00e1fico en la Provincia de Choapa.<\/p>\n<p class=\"isSelectedEnd\">La intervenci\u00f3n se concret\u00f3 en el pasaje Las Fragatas, en la poblaci\u00f3n Cantos del Agua II.\u00a0<strong>Detectives del Modelo Territorial Cero (MT0) ingresaron a cinco domicilios identificados previamente<\/strong>, donde se realizaba acopio y comercializaci\u00f3n de sustancias il\u00edcitas en peque\u00f1as cantidades.<\/p>\n<h2><strong>Investigaci\u00f3n permiti\u00f3 identificar red de microtr\u00e1fico<\/strong><\/h2>\n<p class=\"isSelectedEnd\">El trabajo investigativo, liderado por la Brigada Antinarc\u00f3ticos de Los Vilos junto a la Fiscal\u00eda de Ovalle, permiti\u00f3 reunir antecedentes clave para acreditar el delito.\u00a0<strong>Las diligencias incluyeron an\u00e1lisis criminal e inteligencia policial<\/strong>, lo que facilit\u00f3 establecer la identidad de los involucrados.<\/p>\n<p class=\"isSelectedEnd\">\u201cEstablecimos la identidad de los integrantes de esta estructura criminal que desarticulamos, incautando diversas sustancias il\u00edcitas, avaluadas en 15 millones de pesos y proceder con la detenci\u00f3n de sus responsables\u201d, inform\u00f3 el comisario Cristi\u00e1n Arias, de la Brigada Antinarc\u00f3ticos Los Vilos.<\/p>\n<p class=\"isSelectedEnd\">Durante el operativo,\u00a0<strong>los detectives lograron incautar clorhidrato de coca\u00edna, cannabis, coca\u00edna base, ketamina, f\u00e1rmacos y dinero en efectivo<\/strong>, adem\u00e1s de otras evidencias relevantes para la investigaci\u00f3n. En total, el decomiso fue avaluado en aproximadamente 15 millones de pesos.<\/p>\n<h2><strong>Seis imputados formalizados<\/strong><\/h2>\n<p class=\"isSelectedEnd\">Tras el procedimiento, se detuvo a tres hombres y tres mujeres, cuyas edades fluct\u00faan entre los 18 y 53 a\u00f1os.\u00a0<strong>La Fiscal\u00eda de Ovalle formaliz\u00f3 a los seis detenidos por el delito de microtr\u00e1fico de drogas<\/strong>, en audiencia realizada en el Juzgado de Garant\u00eda de Los Vilos.<\/p>\n<p class=\"isSelectedEnd\">Con los antecedentes presentados, el tribunal determin\u00f3 la prisi\u00f3n preventiva para dos imputados.\u00a0<strong>Se trata de un ciudadano chileno y una mujer de nacionalidad argentina en situaci\u00f3n migratoria irregular<\/strong>, debido a que hab\u00eda excedido el plazo de permanencia en el pa\u00eds. El resto de los integrantes qued\u00f3 sujeto a medidas cautelares de menor intensidad, como reclusi\u00f3n domiciliaria nocturna y arraigo nacional.<\/p>\n<p>Este procedimiento refuerza las acciones coordinadas entre la PDI y el Ministerio P\u00fablico.\u00a0<strong>La incautaci\u00f3n de drogas en Los Vilos representa un golpe directo a las redes de microtr\u00e1fico<\/strong>, que operaban en sectores residenciales afectando la seguridad de la comunidad.<\/p>\n<\/div>\n<\/section>\n<\/div>\n<\/article>\n<\/div>\n<p><\/main><\/div>\n<\/div>\n","protected":false},"excerpt":{"rendered":"<p>Un operativo policial permiti\u00f3 la\u00a0incautaci\u00f3n de 12 mil dosis de drogas en Los Vilos, en el marco de una investigaci\u00f3n desarrollada por la Polic\u00eda de Investigaciones (PDI) en coordinaci\u00f3n con el Ministerio P\u00fablico.\u00a0El procedimiento culmin\u00f3 con la detenci\u00f3n y formalizaci\u00f3n de seis personas, vinculadas a una estructura dedicada al microtr\u00e1fico en la Provincia de Choapa. &hellip;<\/p>\n","protected":false},"author":2,"featured_media":13478,"comment_status":"closed","ping_status":"closed","sticky":false,"template":"","format":"standard","meta":{"footnotes":""},"categories":[2],"tags":[],"class_list":["post-13477","post","type-post","status-publish","format-standard","has-post-thumbnail","hentry","category-regionales"],"_links":{"self":[{"href":"https:\/\/www.elregional.cl\/index.php?rest_route=\/wp\/v2\/posts\/13477","targetHints":{"allow":["GET"]}}],"collection":[{"href":"https:\/\/www.elregional.cl\/index.php?rest_route=\/wp\/v2\/posts"}],"about":[{"href":"https:\/\/www.elregional.cl\/index.php?rest_route=\/wp\/v2\/types\/post"}],"author":[{"embeddable":true,"href":"https:\/\/www.elregional.cl\/index.php?rest_route=\/wp\/v2\/users\/2"}],"replies":[{"embeddable":true,"href":"https:\/\/www.elregional.cl\/index.php?rest_route=%2Fwp%2Fv2%2Fcomments&post=13477"}],"version-history":[{"count":1,"href":"https:\/\/www.elregional.cl\/index.php?rest_route=\/wp\/v2\/posts\/13477\/revisions"}],"predecessor-version":[{"id":13479,"href":"https:\/\/www.elregional.cl\/index.php?rest_route=\/wp\/v2\/posts\/13477\/revisions\/13479"}],"wp:featuredmedia":[{"embeddable":true,"href":"https:\/\/www.elregional.cl\/index.php?rest_route=\/wp\/v2\/media\/13478"}],"wp:attachment":[{"href":"https:\/\/www.elregional.cl\/index.php?rest_route=%2Fwp%2Fv2%2Fmedia&parent=13477"}],"wp:term":[{"taxonomy":"category","embeddable":true,"href":"https:\/\/www.elregional.cl\/index.php?rest_route=%2Fwp%2Fv2%2Fcategories&post=13477"},{"taxonomy":"post_tag","embeddable":true,"href":"https:\/\/www.elregional.cl\/index.php?rest_route=%2Fwp%2Fv2%2Ftags&post=13477"}],"curies":[{"name":"wp","href":"https:\/\/api.w.org\/{rel}","templated":true}]}}