{"id":13482,"date":"2026-04-26T06:36:47","date_gmt":"2026-04-26T06:36:47","guid":{"rendered":"https:\/\/www.elregional.cl\/?p=13482"},"modified":"2026-04-26T06:36:47","modified_gmt":"2026-04-26T06:36:47","slug":"universidad-de-chile-se-queda-con-el-clasico-tras-imponerse-a-la-uc-en-el-estadio-nacional","status":"publish","type":"post","link":"https:\/\/www.elregional.cl\/?p=13482","title":{"rendered":"Universidad de Chile se queda con el Cl\u00e1sico tras imponerse a la UC en el Estadio Nacional"},"content":{"rendered":"<header class=\"main-article__header | all:margin-block-end-24\">\n<h1 class=\"main-article__title\"><\/h1>\n<figure class=\"main-article-info__author main-author-card\"><a class=\"main-author-card__media\" href=\"https:\/\/www.radioagricultura.cl\/autor\/francisca-plaza\/\" data-has-event-static=\"1\"><img loading=\"lazy\" decoding=\"async\" class=\"main-author-card__image | u-aspect-ratio\" src=\"https:\/\/assets.radioagricultura.cl\/avatar-default.png\" alt=\"Francisca Plaza\" width=\"55\" height=\"55\" \/><\/a><figcaption class=\"main-author-card__caption\"><\/figcaption><\/figure>\n<\/header>\n<div class=\"main-article__body main-layout\">\n<section class=\"main-article__content main-layout__item\">\n<div class=\"main-article__media main-article-media | u-mobile-negative-margin\">\n<footer class=\"main-article-media__footer | all:margin-block-start-12\">\u00a0<\/footer>\n<\/div>\n<div class=\"main-article__text main-article-text | js-content-post | all:margin-block-start-20 all:margin-block-end-24\">\n<p class=\"isSelectedEnd\"><strong>Universidad de Chile logr\u00f3 una victoria clave en el Cl\u00e1sico Universitario<\/strong>, tras imponerse por 1-0 a Universidad Cat\u00f3lica en el Estadio Nacional, en un encuentro marcado por el dominio azul en la primera mitad y la resistencia en el complemento.<\/p>\n<p class=\"isSelectedEnd\">El \u00fanico tanto del partido fue obra de Juan Mart\u00edn Lucero, quien a los 16 minutos aprovech\u00f3 un rebote en el \u00e1rea tras un tiro de esquina.\u00a0<strong>El gol signific\u00f3 su primer festejo con la camiseta azul<\/strong>, luego de un prolongado periodo sin convertir.<\/p>\n<p class=\"isSelectedEnd\">Desde el inicio del compromiso,\u00a0<strong>Universidad de Chile marc\u00f3 el ritmo del Cl\u00e1sico Universitario<\/strong>, controlando el bal\u00f3n y posicion\u00e1ndose en campo rival. La escuadra dirigida por Fernando Gago impuso condiciones y oblig\u00f3 a Universidad Cat\u00f3lica a replegarse cerca de su \u00e1rea.<\/p>\n<p class=\"isSelectedEnd\">El premio lleg\u00f3 con el gol de Lucero, quien capitaliz\u00f3 un bal\u00f3n suelto en el \u00e1rea tras un c\u00f3rner.\u00a0<strong>La apertura de la cuenta consolid\u00f3 el dominio de Universidad de Chile en el Cl\u00e1sico Universitario<\/strong>, ante una UC que no logr\u00f3 reaccionar con claridad antes del descanso.<\/p>\n<p>El triunfo en el\u00a0<strong>Cl\u00e1sico Universitario<\/strong>\u00a0reafirma el buen momento del equipo azul, que supo capitalizar su dominio inicial y resistir la reacci\u00f3n rival para quedarse con una victoria de alto valor deportivo.<\/p>\n<\/div>\n<\/section>\n<\/div>\n","protected":false},"excerpt":{"rendered":"<p>\u00a0 Universidad de Chile logr\u00f3 una victoria clave en el Cl\u00e1sico Universitario, tras imponerse por 1-0 a Universidad Cat\u00f3lica en el Estadio Nacional, en un encuentro marcado por el dominio azul en la primera mitad y la resistencia en el complemento. El \u00fanico tanto del partido fue obra de Juan Mart\u00edn Lucero, quien a los &hellip;<\/p>\n","protected":false},"author":2,"featured_media":13483,"comment_status":"closed","ping_status":"closed","sticky":false,"template":"","format":"standard","meta":{"footnotes":""},"categories":[5],"tags":[],"class_list":["post-13482","post","type-post","status-publish","format-standard","has-post-thumbnail","hentry","category-deportes"],"_links":{"self":[{"href":"https:\/\/www.elregional.cl\/index.php?rest_route=\/wp\/v2\/posts\/13482","targetHints":{"allow":["GET"]}}],"collection":[{"href":"https:\/\/www.elregional.cl\/index.php?rest_route=\/wp\/v2\/posts"}],"about":[{"href":"https:\/\/www.elregional.cl\/index.php?rest_route=\/wp\/v2\/types\/post"}],"author":[{"embeddable":true,"href":"https:\/\/www.elregional.cl\/index.php?rest_route=\/wp\/v2\/users\/2"}],"replies":[{"embeddable":true,"href":"https:\/\/www.elregional.cl\/index.php?rest_route=%2Fwp%2Fv2%2Fcomments&post=13482"}],"version-history":[{"count":1,"href":"https:\/\/www.elregional.cl\/index.php?rest_route=\/wp\/v2\/posts\/13482\/revisions"}],"predecessor-version":[{"id":13484,"href":"https:\/\/www.elregional.cl\/index.php?rest_route=\/wp\/v2\/posts\/13482\/revisions\/13484"}],"wp:featuredmedia":[{"embeddable":true,"href":"https:\/\/www.elregional.cl\/index.php?rest_route=\/wp\/v2\/media\/13483"}],"wp:attachment":[{"href":"https:\/\/www.elregional.cl\/index.php?rest_route=%2Fwp%2Fv2%2Fmedia&parent=13482"}],"wp:term":[{"taxonomy":"category","embeddable":true,"href":"https:\/\/www.elregional.cl\/index.php?rest_route=%2Fwp%2Fv2%2Fcategories&post=13482"},{"taxonomy":"post_tag","embeddable":true,"href":"https:\/\/www.elregional.cl\/index.php?rest_route=%2Fwp%2Fv2%2Ftags&post=13482"}],"curies":[{"name":"wp","href":"https:\/\/api.w.org\/{rel}","templated":true}]}}