{"id":13486,"date":"2026-04-26T06:45:16","date_gmt":"2026-04-26T06:45:16","guid":{"rendered":"https:\/\/www.elregional.cl\/?p=13486"},"modified":"2026-04-26T06:45:16","modified_gmt":"2026-04-26T06:45:16","slug":"atentado-explosivo-deja-14-muertos-y-varios-heridos-en-colombia-en-medio-de-ola-de-violencia","status":"publish","type":"post","link":"https:\/\/www.elregional.cl\/?p=13486","title":{"rendered":"Atentado explosivo deja 14 muertos y varios heridos en Colombia en medio de ola de violencia\u00a0"},"content":{"rendered":"<div class=\"div_titulo\">\n<h1 id=\"ucDetalle_TituloNoticia\"><\/h1>\n<\/div>\n<div class=\"div_fecha_top\">\n<div class=\"bt_speech\">\n<div class=\"f_story_line\"><\/div>\n<\/div>\n<\/div>\n<div class=\"div_h2\">\n<h5 id=\"ucDetalle_BajadaNoticia\">Emol.cl<\/h5>\n<h5>\u00abLos que atentaron son terroristas\u00bb, dijo el presidente Gustavo Petro.<\/h5>\n<\/div>\n<div class=\"contenedor_social_emol\"><\/div>\n<div id=\"ucDetalle_CuerpoNoticia\" class=\"cuerpo_noticia cuerpo_noti_height_full\">\n<div>Un\u00a0<b>ataque bomba este s\u00e1bado dej\u00f3 14 muertos<\/b>\u00a0y al menos un decena de heridos de gravedad en una zona con fuerte presencia guerrillera en\u00a0<b>Colombia<\/b>, en medio de una seguidilla de atentados a poco m\u00e1s de un mes de las elecciones presidenciales, inform\u00f3 el cuerpo de bomberos local.<\/div>\n<div><\/div>\n<div>La explosi\u00f3n fue en una carretera de la violenta regi\u00f3n del\u00a0<b>Cauca\u00a0<\/b>e impact\u00f3 en m\u00e1s de una decena de veh\u00edculos.\u00a0<b>Las autoridades atribuyen el atentado a los disidentes de la guerrilla de las FARC,\u00a0<\/b>que no se acogieron al acuerdo de paz de 2016 y siembran terror en el pa\u00eds.<\/div>\n<div><\/div>\n<div>\u00abHasta ahora hay 10 muertos y 12 heridos de gravedad. Pero se espera que sean muchos m\u00e1s\u00bb, dijo preliminarmente en llamada con la AFP una trabajadora del cuerpo de bomberos de Piendam\u00f3. Luego el n\u00famero de fallecidos ascendi\u00f3 a 14.<\/div>\n<div><\/div>\n<div>Una fuente de la polic\u00eda dijo a la AFP que hay personas desaparecidas, que los equipos de rescate intentan localizar.<\/div>\n<div><\/div>\n<div><b>Octavio Guzm\u00e1n,<\/b>\u00a0gobernador del Cauca, public\u00f3 en X un video que muestra a las v\u00edctimas en el suelo y veh\u00edculos volcados y destruidos tras el ataque.<\/div>\n<div><\/div>\n<div>Otros videos compartidos en redes sociales muestran fuertes da\u00f1os y huecos en la v\u00eda, con testigos que aseguran que el impacto los movi\u00f3 varios metros.<\/div>\n<div><\/div>\n<div>\n<h2>\u00abTerroristas\u00bb<\/h2>\n<\/div>\n<div><b>\u00a0<\/b><\/div>\n<div><b>\u00abLos que atentaron y mataron (&#8230;) son terroristas, fascistas y narcotraficantes\u00bb,<\/b>\u00a0dijo el presidente<b>\u00a0Gustavo Petro<\/b>\u00a0en X.<\/div>\n<div><\/div>\n<div>\u00abQuiero los mejores soldados para enfrentarlos\u00bb, agreg\u00f3.<\/div>\n<div><\/div>\n<div>El izquierdista se\u00f1al\u00f3 como responsable a<b>\u00a0Iv\u00e1n Mordisco,\u00a0<\/b>el criminal m\u00e1s buscado del pa\u00eds al que compara con el bar\u00f3n de la coca\u00edna Pablo Escobar.<\/div>\n<div><\/div>\n<div>Tras su llegada al poder en 2022, Petro intent\u00f3 sin \u00e9xito negociar la paz con las mayores organizaciones armadas, que han fortalecido sus filas en los \u00faltimos a\u00f1os.<\/div>\n<div><\/div>\n<div>El viernes un atentado contra una base militar en Cali, la tercera ciudad del pa\u00eds, dej\u00f3 dos heridos e inici\u00f3 una serie de ataques en las regiones del Valle del Cauca y el Cauca. En los dos \u00faltimos d\u00edas se han registrado 26 ataques en esos departamentos, seg\u00fan Hugo L\u00f3pez, comandante de las Fuerzas Militares.<\/div>\n<div><\/div>\n<div>En 2025, sangrientos atentados contra la fuerza p\u00fablica en la zona dejaron civiles muertos y marcaron la peor ola de violencia del pa\u00eds en la \u00faltima d\u00e9cada.<\/div>\n<div><\/div>\n<div>El ministro de Defensa,<b>\u00a0Pedro S\u00e1nchez,\u00a0<\/b>asegur\u00f3 este s\u00e1bado que reforzaron la presencia militar y policial en la zona para hacer frente a los ataques.<\/div>\n<\/div>\n","protected":false},"excerpt":{"rendered":"<p>Emol.cl \u00abLos que atentaron son terroristas\u00bb, dijo el presidente Gustavo Petro. Un\u00a0ataque bomba este s\u00e1bado dej\u00f3 14 muertos\u00a0y al menos un decena de heridos de gravedad en una zona con fuerte presencia guerrillera en\u00a0Colombia, en medio de una seguidilla de atentados a poco m\u00e1s de un mes de las elecciones presidenciales, inform\u00f3 el cuerpo de &hellip;<\/p>\n","protected":false},"author":2,"featured_media":13487,"comment_status":"closed","ping_status":"closed","sticky":false,"template":"","format":"standard","meta":{"footnotes":""},"categories":[4],"tags":[],"class_list":["post-13486","post","type-post","status-publish","format-standard","has-post-thumbnail","hentry","category-mundo"],"_links":{"self":[{"href":"https:\/\/www.elregional.cl\/index.php?rest_route=\/wp\/v2\/posts\/13486","targetHints":{"allow":["GET"]}}],"collection":[{"href":"https:\/\/www.elregional.cl\/index.php?rest_route=\/wp\/v2\/posts"}],"about":[{"href":"https:\/\/www.elregional.cl\/index.php?rest_route=\/wp\/v2\/types\/post"}],"author":[{"embeddable":true,"href":"https:\/\/www.elregional.cl\/index.php?rest_route=\/wp\/v2\/users\/2"}],"replies":[{"embeddable":true,"href":"https:\/\/www.elregional.cl\/index.php?rest_route=%2Fwp%2Fv2%2Fcomments&post=13486"}],"version-history":[{"count":1,"href":"https:\/\/www.elregional.cl\/index.php?rest_route=\/wp\/v2\/posts\/13486\/revisions"}],"predecessor-version":[{"id":13488,"href":"https:\/\/www.elregional.cl\/index.php?rest_route=\/wp\/v2\/posts\/13486\/revisions\/13488"}],"wp:featuredmedia":[{"embeddable":true,"href":"https:\/\/www.elregional.cl\/index.php?rest_route=\/wp\/v2\/media\/13487"}],"wp:attachment":[{"href":"https:\/\/www.elregional.cl\/index.php?rest_route=%2Fwp%2Fv2%2Fmedia&parent=13486"}],"wp:term":[{"taxonomy":"category","embeddable":true,"href":"https:\/\/www.elregional.cl\/index.php?rest_route=%2Fwp%2Fv2%2Fcategories&post=13486"},{"taxonomy":"post_tag","embeddable":true,"href":"https:\/\/www.elregional.cl\/index.php?rest_route=%2Fwp%2Fv2%2Ftags&post=13486"}],"curies":[{"name":"wp","href":"https:\/\/api.w.org\/{rel}","templated":true}]}}