{"id":13491,"date":"2026-04-26T06:59:48","date_gmt":"2026-04-26T06:59:48","guid":{"rendered":"https:\/\/www.elregional.cl\/?p=13491"},"modified":"2026-04-26T06:59:48","modified_gmt":"2026-04-26T06:59:48","slug":"quien-esta-tomando-las-decisiones-en-iran","status":"publish","type":"post","link":"https:\/\/www.elregional.cl\/?p=13491","title":{"rendered":"\u00bfQui\u00e9n est\u00e1 tomando las decisiones en Ir\u00e1n?"},"content":{"rendered":"<h1 class=\"article-heading css-1nfgtt7 e1j37txl0\" tabindex=\"-1\"><\/h1>\n<div class=\"css-1k9op6x e17x9cvu0\" dir=\"ltr\">\n<p class=\"css-s4cjt0 eea635z0\" dir=\"ltr\"><b>La pregunta que ha flotado sobre Teher\u00e1n desde los ataques iniciales de la actual guerra de Estados Unidos e Israel con Ir\u00e1n es simple: \u00bfqui\u00e9n manda?<\/b><\/p>\n<\/div>\n<div class=\"css-1k9op6x e17x9cvu0\" dir=\"ltr\">\n<p class=\"css-s4cjt0 eea635z0\" dir=\"ltr\">Formalmente, la respuesta es clara.<\/p>\n<\/div>\n<div class=\"css-1k9op6x e17x9cvu0\" dir=\"ltr\">\n<p class=\"css-s4cjt0 eea635z0\" dir=\"ltr\">Mojtaba Jamenei asumi\u00f3 el cargo de l\u00edder supremo tras la muerte de su padre, Al\u00ed Jamenei, el primer d\u00eda de la guerra, el 28 de febrero.<\/p>\n<\/div>\n<div class=\"css-1k9op6x e17x9cvu0\" dir=\"ltr\">\n<p class=\"css-s4cjt0 eea635z0\" dir=\"ltr\">En el sistema de la Rep\u00fablica Isl\u00e1mica, ese puesto est\u00e1 pensado para ser decisivo.<\/p>\n<\/div>\n<div class=\"css-1k9op6x e17x9cvu0\" dir=\"ltr\">\n<p class=\"css-s4cjt0 eea635z0\" dir=\"ltr\">El l\u00edder tiene la \u00faltima palabra sobre casi todo lo importante: la guerra, la paz y la direcci\u00f3n estrat\u00e9gica del Estado.<\/p>\n<\/div>\n<section class=\"css-1s6hekm\" role=\"region\" aria-label=\"Publicidad 2\" aria-hidden=\"true\" data-e2e=\"advertisement\">\n<div id=\"dotcom-mpu\" class=\"dotcom-ad active\" aria-hidden=\"true\">\n<div class=\"dotcom-ad-inner\">\n<div><\/div>\n<\/div>\n<\/div>\n<\/section>\n<div class=\"css-1k9op6x e17x9cvu0\" dir=\"ltr\">\n<p class=\"css-s4cjt0 eea635z0\" dir=\"ltr\">Pero en la pr\u00e1ctica, el panorama es mucho m\u00e1s difuso.<\/p>\n<\/div>\n<div class=\"css-1k9op6x e17x9cvu0\" dir=\"ltr\">\n<p class=\"css-s4cjt0 eea635z0\" dir=\"ltr\">El presidente de EE.UU., Donald Trump, ha descrito el liderazgo de Ir\u00e1n como \u00abfracturado\u00bb y ha sugerido que la Casa Blanca est\u00e1 esperando a que Teher\u00e1n presente una \u00abpropuesta unificada\u00bb.<\/p>\n<\/div>\n<div class=\"css-1k9op6x e17x9cvu0\" dir=\"ltr\">\n<p class=\"css-s4cjt0 eea635z0\" dir=\"ltr\">La unidad estaba ciertamente en la mente de los l\u00edderes iran\u00edes cuando distribuyeron un mensaje a la poblaci\u00f3n en sus tel\u00e9fonos celulares la noche del jueves diciendo que \u00abno existe tal cosa como un radical o un moderado en Ir\u00e1n: hay solo una naci\u00f3n, un rumbo\u00bb.<\/p>\n<\/div>\n","protected":false},"excerpt":{"rendered":"<p>La pregunta que ha flotado sobre Teher\u00e1n desde los ataques iniciales de la actual guerra de Estados Unidos e Israel con Ir\u00e1n es simple: \u00bfqui\u00e9n manda? Formalmente, la respuesta es clara. Mojtaba Jamenei asumi\u00f3 el cargo de l\u00edder supremo tras la muerte de su padre, Al\u00ed Jamenei, el primer d\u00eda de la guerra, el 28 &hellip;<\/p>\n","protected":false},"author":2,"featured_media":13492,"comment_status":"closed","ping_status":"closed","sticky":false,"template":"","format":"standard","meta":{"footnotes":""},"categories":[4],"tags":[],"class_list":["post-13491","post","type-post","status-publish","format-standard","has-post-thumbnail","hentry","category-mundo"],"_links":{"self":[{"href":"https:\/\/www.elregional.cl\/index.php?rest_route=\/wp\/v2\/posts\/13491","targetHints":{"allow":["GET"]}}],"collection":[{"href":"https:\/\/www.elregional.cl\/index.php?rest_route=\/wp\/v2\/posts"}],"about":[{"href":"https:\/\/www.elregional.cl\/index.php?rest_route=\/wp\/v2\/types\/post"}],"author":[{"embeddable":true,"href":"https:\/\/www.elregional.cl\/index.php?rest_route=\/wp\/v2\/users\/2"}],"replies":[{"embeddable":true,"href":"https:\/\/www.elregional.cl\/index.php?rest_route=%2Fwp%2Fv2%2Fcomments&post=13491"}],"version-history":[{"count":1,"href":"https:\/\/www.elregional.cl\/index.php?rest_route=\/wp\/v2\/posts\/13491\/revisions"}],"predecessor-version":[{"id":13493,"href":"https:\/\/www.elregional.cl\/index.php?rest_route=\/wp\/v2\/posts\/13491\/revisions\/13493"}],"wp:featuredmedia":[{"embeddable":true,"href":"https:\/\/www.elregional.cl\/index.php?rest_route=\/wp\/v2\/media\/13492"}],"wp:attachment":[{"href":"https:\/\/www.elregional.cl\/index.php?rest_route=%2Fwp%2Fv2%2Fmedia&parent=13491"}],"wp:term":[{"taxonomy":"category","embeddable":true,"href":"https:\/\/www.elregional.cl\/index.php?rest_route=%2Fwp%2Fv2%2Fcategories&post=13491"},{"taxonomy":"post_tag","embeddable":true,"href":"https:\/\/www.elregional.cl\/index.php?rest_route=%2Fwp%2Fv2%2Ftags&post=13491"}],"curies":[{"name":"wp","href":"https:\/\/api.w.org\/{rel}","templated":true}]}}