{"id":13499,"date":"2026-04-26T07:16:25","date_gmt":"2026-04-26T07:16:25","guid":{"rendered":"https:\/\/www.elregional.cl\/?p=13499"},"modified":"2026-04-26T07:16:25","modified_gmt":"2026-04-26T07:16:25","slug":"consejo-de-coordinacion-ciudad-puerto-coquimbo-define-agenda-de-trabajo-2026","status":"publish","type":"post","link":"https:\/\/www.elregional.cl\/?p=13499","title":{"rendered":"Consejo de Coordinaci\u00f3n Ciudad Puerto Coquimbo define agenda de trabajo 2026"},"content":{"rendered":"<header class=\"entry-header\"><\/header>\n<div class=\"entry-content clearfix\">\n<p><strong>@PortalPortuario<\/strong><\/p>\n<hr \/>\n<p>El <strong>Consejo de Coordinaci\u00f3n Ciudad Puerto Coquimbo (CCCP)<\/strong>\u00a0llev\u00f3 a cabo su primera sesi\u00f3n, instancia que estuvo liderada por el\u00a0<strong>gobernador regional, Crist\u00f3bal Juli\u00e1<\/strong>, y que re\u00fane a diversos actores p\u00fablicos y privados vinculados al desarrollo portuario y urbano de la regi\u00f3n. El encuentro permiti\u00f3 definir la agenda que se trabajar\u00e1 a lo largo de 2026.<\/p>\n<p>En la ocasi\u00f3n, la\u00a0<strong>Empresa Portuaria Coquimbo<\/strong>, a cargo de la secretar\u00eda ejecutiva del consejo y representada por su\u00a0<strong>gerente general, Ernesto Piwonka<\/strong>, reforz\u00f3 la relevancia de esta instancia de coordinaci\u00f3n que tiene como objetivo principal contribuir a la articulaci\u00f3n de los distintos actores involucrados.<\/p>\n<p>En esa l\u00ednea, el ejecutivo destac\u00f3 que \u201ceste consejo es una instancia de suma relevancia para trabajar de manera coordinada en los proyectos que hoy lideran el Gobierno Regional y el Gobierno Central, representados en esta mesa por los seremi de las diversas carteras vinculadas al desarrollo portuario y de nuestro borde costero. Esperamos que los desaf\u00edos que hoy se nos presentan puedan ser abordados en el corto y mediano plazo\u201d.<\/p>\n<p>Durante la jornada se abordaron diversos temas estrat\u00e9gicos, entre ellos la presentaci\u00f3n del marco normativo del CCCP, el seguimiento de la Mesa de Trabajo de Proyectos Portuarios Estrat\u00e9gicos \u2014que considera la Subcomisi\u00f3n Regional de Accesibilidad de mediano y largo plazo y la Subcomisi\u00f3n de Gesti\u00f3n Vehicular de corto plazo\u2014, as\u00ed como los avances en iniciativas del borde costero, incluyendo el mejoramiento del borde costero y el proyecto Mercado del Mar, junto con el Sitio de Inspecci\u00f3n USDA.<\/p>\n<p>Asimismo, se present\u00f3 el Plan de Trabajo CCCP Coquimbo 2026, las estad\u00edsticas de la temporada de cruceros 2025\u20132026 y otros temas de inter\u00e9s para el desarrollo portuario y urbano de la comuna.<\/p>\n<p>El gobernador regional, Crist\u00f3bal Juli\u00e1, destac\u00f3 que \u201cfue una oportunidad para que, como Gobierno Regional, impulsemos y abordemos los desaf\u00edos clave, tales como la accesibilidad terrestre, la integraci\u00f3n urbana y el resguardo de nuestro entorno ambiental. En esa l\u00ednea, expusimos c\u00f3mo el reciente viaje que encabezamos al Seatrade Global Cruise 2026 en Estados Unidos nos permiti\u00f3 avanzar en compromisos concretos con l\u00edneas de cruceros, proyectando la continuidad de estas conversaciones\u201d.<\/p>\n<p>\u201cAdem\u00e1s, trabajamos en el desarrollo de propuestas t\u00e9cnicas alineadas a est\u00e1ndares internacionales, articulando esfuerzos con ProChile, Sernatur y actores regionales, y fortaleciendo la promoci\u00f3n de la regi\u00f3n de Coquimbo como un destino competitivo a nivel global\u201d, agreg\u00f3 Juli\u00e1.<\/p>\n<\/div>\n","protected":false},"excerpt":{"rendered":"<p>@PortalPortuario El Consejo de Coordinaci\u00f3n Ciudad Puerto Coquimbo (CCCP)\u00a0llev\u00f3 a cabo su primera sesi\u00f3n, instancia que estuvo liderada por el\u00a0gobernador regional, Crist\u00f3bal Juli\u00e1, y que re\u00fane a diversos actores p\u00fablicos y privados vinculados al desarrollo portuario y urbano de la regi\u00f3n. El encuentro permiti\u00f3 definir la agenda que se trabajar\u00e1 a lo largo de 2026. &hellip;<\/p>\n","protected":false},"author":2,"featured_media":13500,"comment_status":"closed","ping_status":"closed","sticky":false,"template":"","format":"standard","meta":{"footnotes":""},"categories":[2],"tags":[],"class_list":["post-13499","post","type-post","status-publish","format-standard","has-post-thumbnail","hentry","category-regionales"],"_links":{"self":[{"href":"https:\/\/www.elregional.cl\/index.php?rest_route=\/wp\/v2\/posts\/13499","targetHints":{"allow":["GET"]}}],"collection":[{"href":"https:\/\/www.elregional.cl\/index.php?rest_route=\/wp\/v2\/posts"}],"about":[{"href":"https:\/\/www.elregional.cl\/index.php?rest_route=\/wp\/v2\/types\/post"}],"author":[{"embeddable":true,"href":"https:\/\/www.elregional.cl\/index.php?rest_route=\/wp\/v2\/users\/2"}],"replies":[{"embeddable":true,"href":"https:\/\/www.elregional.cl\/index.php?rest_route=%2Fwp%2Fv2%2Fcomments&post=13499"}],"version-history":[{"count":1,"href":"https:\/\/www.elregional.cl\/index.php?rest_route=\/wp\/v2\/posts\/13499\/revisions"}],"predecessor-version":[{"id":13501,"href":"https:\/\/www.elregional.cl\/index.php?rest_route=\/wp\/v2\/posts\/13499\/revisions\/13501"}],"wp:featuredmedia":[{"embeddable":true,"href":"https:\/\/www.elregional.cl\/index.php?rest_route=\/wp\/v2\/media\/13500"}],"wp:attachment":[{"href":"https:\/\/www.elregional.cl\/index.php?rest_route=%2Fwp%2Fv2%2Fmedia&parent=13499"}],"wp:term":[{"taxonomy":"category","embeddable":true,"href":"https:\/\/www.elregional.cl\/index.php?rest_route=%2Fwp%2Fv2%2Fcategories&post=13499"},{"taxonomy":"post_tag","embeddable":true,"href":"https:\/\/www.elregional.cl\/index.php?rest_route=%2Fwp%2Fv2%2Ftags&post=13499"}],"curies":[{"name":"wp","href":"https:\/\/api.w.org\/{rel}","templated":true}]}}